{"id":41377,"date":"2025-12-09T06:34:29","date_gmt":"2025-12-09T05:34:29","guid":{"rendered":"https:\/\/www.lintelligentdabidjan.info\/news\/?p=41377"},"modified":"2025-12-09T06:34:33","modified_gmt":"2025-12-09T05:34:33","slug":"lancement-du-pnsar-2026-demain-des-beneficiaires-de-ledition-2025-temoignent","status":"publish","type":"post","link":"https:\/\/www.lintelligentdabidjan.info\/news\/lancement-du-pnsar-2026-demain-des-beneficiaires-de-ledition-2025-temoignent\/","title":{"rendered":"\u00a0Lancement du PNSAR 2026 demain :  Des b\u00e9n\u00e9ficiaires de l&#8217;\u00e9dition 2025 t\u00e9moignent"},"content":{"rendered":"<p><em><strong>L\u2019\u00e9dition 2026 du Programme National de Stage, d\u2019Apprentissage et de Reconversion (<a href=\"https:\/\/www.lintelligentdabidjan.info\/news\/lintelligent-en-pdf-face-a-des-jeunes-de-cote-divoire-le-lundi-24-octobre-2022-comment-le-parler-vrai-decomplexe-et-decontracte-de-patrick-achi-fait-lunanimite-audiences-de-la-premiere-dame-hi\/\" target=\"_blank\" rel=\"noopener\">PNSAR<\/a>) sera officiellement lanc\u00e9e le mercredi 10 d\u00e9cembre 2025 au Palais de la Culture de Treichville, sous la pr\u00e9sidence du Premier ministre Robert Beugr\u00e9 Mamb\u00e9.\u00a0<\/strong><\/em><\/p>\n<p>Cette initiative gouvernementale est devenue, en quelques ann\u00e9es, l\u2019un des piliers de la politique d\u2019insertion professionnelle de la jeunesse ivoirienne.<\/p>\n<p>Port\u00e9 par le minist\u00e8re de la Promotion de la Jeunesse, de l\u2019Insertion professionnelle et du Service civique, le PNSAR a tenu ses promesses pour la p\u00e9riode 2024-2025. Lanc\u00e9 le 20 janvier 2025, le programme a enregistr\u00e9 pr\u00e8s de 100 000 jeunes \u00e2g\u00e9s de 16 \u00e0 40 ans accompagn\u00e9s. En outre, le PNSAR doit son succ\u00e8s \u00e0 sa structuration en plusieurs volets pens\u00e9s pour r\u00e9pondre \u00e0 la pluralit\u00e9 des besoins des jeunes. Stages-\u00e9cole, stages de validation de dipl\u00f4me, stages d\u2019immersion et de qualification professionnelle, formation par apprentissage et reconversion : autant d\u2019options qui permettent d\u2019articuler th\u00e9orie, pratique et mont\u00e9e en comp\u00e9tences.<\/p>\n<p>Ces diff\u00e9rents modules forment un parcours int\u00e9gr\u00e9 d\u2019insertion, o\u00f9 chaque jeune peut trouver une r\u00e9ponse adapt\u00e9e \u00e0 son profil, \u00e0 ses ambitions ou \u00e0 sa volont\u00e9 de reconversion. Au-del\u00e0 des chiffres, ce sont les t\u00e9moignages des b\u00e9n\u00e9ficiaires qui donnent toute sa valeur au programme.<\/p>\n<h2><strong>Emmanuel B\u00e9k\u00e9 : \u00ab C\u2019est une exp\u00e9rience inestimable qui pr\u00e9pare r\u00e9ellement au march\u00e9 du travail \u00bb<\/strong><\/h2>\n<p>Emmanuel B\u00e9k\u00e9, jeune dipl\u00f4m\u00e9, a ainsi effectu\u00e9 un stage d\u2019immersion \u00e0 la Direction de la Communication et des Relations Publiques du minist\u00e8re. En un mois, il a pu d\u00e9velopper des comp\u00e9tences num\u00e9riques essentielles. \u00ab Gr\u00e2ce \u00e0 cette immersion, j\u2019ai appris \u00e0 faire des montages et des copies de vid\u00e9os, et j\u2019ai \u00e9galement particip\u00e9 \u00e0 la mod\u00e9ration des pages digitales du minist\u00e8re. C\u2019est une exp\u00e9rience inestimable qui pr\u00e9pare r\u00e9ellement au march\u00e9 du travail \u00bb, confie-t-il. Pour Gban Gbo Christophe, titulaire d\u2019un BTS en Informatique et T\u00e9l\u00e9com, le PNSAR a \u00e9t\u00e9 d\u00e9terminant dans la validation de son dipl\u00f4me. Son passage en entreprise lui a permis d\u2019acqu\u00e9rir une ma\u00eetrise pratique en maintenance pr\u00e9ventive et en s\u00e9curit\u00e9 informatique, des comp\u00e9tences imm\u00e9diatement op\u00e9rationnelles dans un secteur en pleine croissance.<\/p>\n<p>Quant \u00e0 Ali Fofana, son t\u00e9moignage illustre le volet de la reconversion. Ancien chauffeur de taxi pendant cinq ans, il a choisi une nouvelle voie gr\u00e2ce \u00e0 une formation qualifiante en plomberie sanitaire. \u00ab Aujourd\u2019hui, je remercie Dieu d\u2019avoir particip\u00e9 \u00e0 la formation, d\u2019\u00eatre bien form\u00e9 par la SODECI avec l\u2019accompagnement de l\u2019Agence Emploi Jeunes \u00bb, a-t-il dit.<\/p>\n<p>Ces parcours individuels viennent s\u2019ajouter aux r\u00e9sultats d\u00e9j\u00e0 impressionnants du PNSAR qui, entre 2019 et 2021, avait permis \u00e0 96 453 jeunes de renforcer leur employabilit\u00e9. En combinant stages, apprentissage, formation qualifiante et reconversion, le PNSAR se positionne comme un m\u00e9canisme complet d\u2019acquisition de comp\u00e9tences au service de l\u2019insertion professionnelle. Les r\u00e9ussites des \u00e9ditions pr\u00e9c\u00e9dentes montrent que le programme offre une chance r\u00e9elle \u00e0 tous ceux qui s\u2019y engagent.<\/p>\n<p>\u00c0 la veille du<a href=\"https:\/\/afriksoir.net\/cote-divoire-pres-de-100-000-jeunes-formes-grace-au-pnsar\/\" target=\"_blank\" rel=\"noopener\"> lancement de l\u2019\u00e9dition 2026<\/a>, le gouvernement entend poursuivre et amplifier cette dynamique, afin de permettre \u00e0 encore plus de jeunes Ivoiriens d\u2019acc\u00e9der \u00e0 un avenir professionnel.<\/p>\n<p><strong>Mamadou Ouattara avec Ly Abdul\u00a0<\/strong><\/p>\n<p>&nbsp;<\/p>\n<p>&nbsp;<\/p>\n","protected":false},"excerpt":{"rendered":"<p>L\u2019\u00e9dition 2026 du Programme National de Stage, d\u2019Apprentissage et de Reconversion (PNSAR) sera officiellement lanc\u00e9e le mercredi 10 d\u00e9cembre 2025 au Palais de la Culture de Treichville, sous la pr\u00e9sidence du Premier ministre Robert Beugr\u00e9 Mamb\u00e9.\u00a0 Cette initiative gouvernementale est devenue, en quelques ann\u00e9es, l\u2019un des piliers de la politique d\u2019insertion professionnelle de la jeunesse [&hellip;]<\/p>\n","protected":false},"author":4,"featured_media":41378,"comment_status":"closed","ping_status":"closed","sticky":false,"template":"","format":"standard","meta":{"_monsterinsights_skip_tracking":false,"_monsterinsights_sitenote_active":false,"_monsterinsights_sitenote_note":"","_monsterinsights_sitenote_category":0,"footnotes":""},"categories":[2,3],"tags":[6143,6595,6594],"class_list":["post-41377","post","type-post","status-publish","format-standard","has-post-thumbnail","hentry","category-featured","category-societe","tag-des-beneficiaires","tag-ledition-2025","tag-lancement-du-pnsar-2026"],"_links":{"self":[{"href":"https:\/\/www.lintelligentdabidjan.info\/news\/wp-json\/wp\/v2\/posts\/41377","targetHints":{"allow":["GET"]}}],"collection":[{"href":"https:\/\/www.lintelligentdabidjan.info\/news\/wp-json\/wp\/v2\/posts"}],"about":[{"href":"https:\/\/www.lintelligentdabidjan.info\/news\/wp-json\/wp\/v2\/types\/post"}],"author":[{"embeddable":true,"href":"https:\/\/www.lintelligentdabidjan.info\/news\/wp-json\/wp\/v2\/users\/4"}],"replies":[{"embeddable":true,"href":"https:\/\/www.lintelligentdabidjan.info\/news\/wp-json\/wp\/v2\/comments?post=41377"}],"version-history":[{"count":1,"href":"https:\/\/www.lintelligentdabidjan.info\/news\/wp-json\/wp\/v2\/posts\/41377\/revisions"}],"predecessor-version":[{"id":41379,"href":"https:\/\/www.lintelligentdabidjan.info\/news\/wp-json\/wp\/v2\/posts\/41377\/revisions\/41379"}],"wp:featuredmedia":[{"embeddable":true,"href":"https:\/\/www.lintelligentdabidjan.info\/news\/wp-json\/wp\/v2\/media\/41378"}],"wp:attachment":[{"href":"https:\/\/www.lintelligentdabidjan.info\/news\/wp-json\/wp\/v2\/media?parent=41377"}],"wp:term":[{"taxonomy":"category","embeddable":true,"href":"https:\/\/www.lintelligentdabidjan.info\/news\/wp-json\/wp\/v2\/categories?post=41377"},{"taxonomy":"post_tag","embeddable":true,"href":"https:\/\/www.lintelligentdabidjan.info\/news\/wp-json\/wp\/v2\/tags?post=41377"}],"curies":[{"name":"wp","href":"https:\/\/api.w.org\/{rel}","templated":true}]}}