{"id":41383,"date":"2025-12-10T06:19:33","date_gmt":"2025-12-10T05:19:33","guid":{"rendered":"https:\/\/www.lintelligentdabidjan.info\/news\/?p=41383"},"modified":"2025-12-10T06:19:52","modified_gmt":"2025-12-10T05:19:52","slug":"assemblee-nationale-emile-guirieoulou-dresse-le-bilan-de-son-mandat-2021-2025","status":"publish","type":"post","link":"https:\/\/www.lintelligentdabidjan.info\/news\/assemblee-nationale-emile-guirieoulou-dresse-le-bilan-de-son-mandat-2021-2025\/","title":{"rendered":"Assembl\u00e9e nationale : \u00c9mile Guiri\u00e9oulou dresse le bilan de son mandat 2021\u20132025"},"content":{"rendered":"<p><em><strong>Le samedi 6 d\u00e9cembre 2025, le d\u00e9put\u00e9 de Guiglo commune, \u00c9mile Kohou Guiri\u00e9oulou, a pr\u00e9sent\u00e9 \u00e0 Abidjan-Cocody un bilan d\u00e9taill\u00e9 de ses cinq ann\u00e9es \u00e0 <a href=\"https:\/\/www.lintelligentdabidjan.info\/news\/legislatives-2025-a-gagnoa-diarra-bilali-officialise-sa-candidature-pour-lassemblee-nationale\/\" target=\"_blank\" rel=\"noopener\">l\u2019Assembl\u00e9e nationale<\/a>. Devant la presse, le pr\u00e9sident de la Commission de la recherche, de la Science, de la Technologie et de l\u2019Environnement (CRSTE) a r\u00e9sum\u00e9 son mandat comme cinq ann\u00e9es d\u2019\u00e9coute, d\u2019action et de fid\u00e9lit\u00e9 aux valeurs r\u00e9publicaines.<\/strong><\/em><\/p>\n<p>\u00c9lu pour la premi\u00e8re fois en 2011 puis r\u00e9\u00e9lu en 2021, l\u2019\u00e9lu de Guiglo indique avoir poursuivi un objectif constant. \u00ab servir l\u2019int\u00e9r\u00eat g\u00e9n\u00e9ral, au service de notre circonscription, de notre pays et du continent africain \u00bb, a-t-il dit.<\/p>\n<p>Face \u00e0 un contexte politique et socio-\u00e9conomique en profonde mutation, il estime que les missions du d\u00e9put\u00e9 se sont \u00e9largies, englobant d\u00e9sormais des r\u00f4les d\u2019expert, de m\u00e9diateur, de diplomate et m\u00eame de contre-pouvoir institutionnel.<\/p>\n<p>Selon lui, au cours de la l\u00e9gislature, l\u2019Assembl\u00e9e nationale a examin\u00e9 168 projets de loi. Le groupe parlementaire PPA-CI, auquel il appartient, en a soutenu 150, rejet\u00e9 16 et s\u2019est abstenu \u00e0 deux reprises.<\/p>\n<blockquote><p>terres sans ma\u00eetres<\/p><\/blockquote>\n<p>&nbsp;<\/p>\n<p>\u00c0 la t\u00eate de la CRSTE,\u00a0 \u00a0Guiri\u00e9oulou revendique un r\u00f4le central dans les grandes r\u00e9formes du pays, l\u2019adoption de 15 lois majeures portant notamment sur l\u2019environnement, l\u2019eau, l\u2019urbanisme, l\u2019assainissement, la presse, l\u2019audiovisuel et les communications \u00e9lectroniques. La commission a \u00e9galement conduit la r\u00e9forme de la protection de l\u2019\u00e9l\u00e9phant et encadr\u00e9 plusieurs auditions parlementaires li\u00e9es aux probl\u00e9matiques environnementales.<\/p>\n<p>Le d\u00e9put\u00e9 dit avoir initi\u00e9 deux propositions de loi, la premi\u00e8re visant \u00e0 moderniser la loi de 1998 sur le foncier rural, qu\u2019il juge source de nombreux conflits en raison de dispositions floues comme la notion de \u00ab terres sans ma\u00eetres \u00bb. La seconde ambitionne de moraliser la vie publique, de r\u00e9duire les pratiques client\u00e9listes et d\u2019interdire le cumul de certains mandats. Il regrette toutefois que ces initiatives n\u2019aient jamais \u00e9t\u00e9 inscrites \u00e0 l\u2019ordre du jour parlementaire. Sur le terrain du contr\u00f4le de l\u2019action gouvernementale, \u00c9mile Kohou\u00a0 Guiri\u00e9oulou reconna\u00eet une moisson maigre, plusieurs initiatives \u00e9tant rest\u00e9es sans suite pour des raisons budg\u00e9taires ou politiques. Il met cependant en avant trois dossiers, l\u2019affaire Dahlia Fleurs, o\u00f9 une enqu\u00eate parlementaire a conduit, selon lui, \u00e0 l\u2019abandon d\u2019un projet d\u2019h\u00f4tel cinq \u00e9toiles dans une r\u00e9serve naturelle, la crise des DATA, marqu\u00e9e par la flamb\u00e9e des prix de l\u2019internet mobile et l\u2019annulation in extremis d\u2019une commission d\u2019enqu\u00eate parlementaire, la for\u00eat class\u00e9e de Goin-D\u00e9b\u00e9, o\u00f9 il dit avoir obtenu des informations sur un projet gouvernemental pr\u00e9voyant un d\u00e9classement partiel au profit des populations riveraines.<\/p>\n<p>Sur la sc\u00e8ne internationale, l\u2019\u00e9lu affirme avoir repr\u00e9sent\u00e9 la C\u00f4te d\u2019Ivoire dans plusieurs sommets climatiques, de la COP27 \u00e0 la COP29. Il revendique en particulier la cr\u00e9ation, en septembre 2024, de la D\u00e9claration d\u2019Abidjan, acte fondateur du R\u00e9seau des Parlementaires Africains sur le Changement Climatique, dont il dit \u00eatre le premier pr\u00e9sident \u00e9lu. Ce r\u00e9seau pilote actuellement un projet de loi mod\u00e8le africain sur le climat et un logiciel continental de suivi des politiques climatiques. En outre,le d\u00e9put\u00e9 souligne son engagement aupr\u00e8s de la communaut\u00e9, notamment le raccordement hydraulique du village de Mona, m\u00e9diations communautaires, restitution des travaux parlementaires dans une trentaine de villages, organisation d\u2019\u00c9tats g\u00e9n\u00e9raux du canton Zak\u00e9-Blao, panels sur le foncier, appui mat\u00e9riel aux villages et lancement d\u2019un programme de formation en acupuncture pour les agents de sant\u00e9. Il annonce par ailleurs la cr\u00e9ation prochaine d\u2019une biblioth\u00e8que municipale, pour laquelle 2 000 ouvrages ont d\u00e9j\u00e0 \u00e9t\u00e9 re\u00e7us.<\/p>\n<blockquote><p>Ce bilan est avant tout celui des populations<\/p><\/blockquote>\n<p>&nbsp;<\/p>\n<p>Enfin, \u00c9mile Kohou Guiri\u00e9oulou\u00a0 porte un regard critique sur le S\u00e9nat ivoirien, estimant que la nomination d\u2019un tiers des s\u00e9nateurs par le Pr\u00e9sident de la R\u00e9publique contrevient au principe de s\u00e9paration des pouvoirs. Il se dit <a href=\"https:\/\/www.fratmat.info\/article\/2638625\/politique\/mandat-parlementaire-2021-2025-le-depute-emile-guirieoulou-livre-un-bilan-franc-et-assume\" target=\"_blank\" rel=\"noopener\">d\u00e9favorable<\/a> \u00e0 la forme actuelle du bicam\u00e9ralisme instaur\u00e9 depuis 2016. Cl\u00f4turant son intervention, l\u2019\u00e9lu affirme rester fid\u00e8le \u00e0 ses engagements d\u00e9mocratiques. \u00ab Ce mandat a \u00e9t\u00e9 celui de la responsabilit\u00e9, de la proximit\u00e9 et du devoir r\u00e9publicain. Ce bilan est avant tout celui des populations de Guiglo, avec lesquelles j\u2019ai travaill\u00e9 chaque jour. \u00bb<\/p>\n<p>&nbsp;<\/p>\n<p><strong>Mamadou Ouattara avec Ly Abdul<\/strong><\/p>\n<p>&nbsp;<\/p>\n","protected":false},"excerpt":{"rendered":"<p>Le samedi 6 d\u00e9cembre 2025, le d\u00e9put\u00e9 de Guiglo commune, \u00c9mile Kohou Guiri\u00e9oulou, a pr\u00e9sent\u00e9 \u00e0 Abidjan-Cocody un bilan d\u00e9taill\u00e9 de ses cinq ann\u00e9es \u00e0 l\u2019Assembl\u00e9e nationale. Devant la presse, le pr\u00e9sident de la Commission de la recherche, de la Science, de la Technologie et de l\u2019Environnement (CRSTE) a r\u00e9sum\u00e9 son mandat comme cinq ann\u00e9es [&hellip;]<\/p>\n","protected":false},"author":4,"featured_media":41384,"comment_status":"closed","ping_status":"closed","sticky":false,"template":"","format":"standard","meta":{"_monsterinsights_skip_tracking":false,"_monsterinsights_sitenote_active":false,"_monsterinsights_sitenote_note":"","_monsterinsights_sitenote_category":0,"footnotes":""},"categories":[2,17],"tags":[76,6596,6597,6598],"class_list":["post-41383","post","type-post","status-publish","format-standard","has-post-thumbnail","hentry","category-featured","category-politique","tag-assemblee-nationale","tag-emile-guirieoulou","tag-le-bilan","tag-mandat-2021-2025"],"_links":{"self":[{"href":"https:\/\/www.lintelligentdabidjan.info\/news\/wp-json\/wp\/v2\/posts\/41383","targetHints":{"allow":["GET"]}}],"collection":[{"href":"https:\/\/www.lintelligentdabidjan.info\/news\/wp-json\/wp\/v2\/posts"}],"about":[{"href":"https:\/\/www.lintelligentdabidjan.info\/news\/wp-json\/wp\/v2\/types\/post"}],"author":[{"embeddable":true,"href":"https:\/\/www.lintelligentdabidjan.info\/news\/wp-json\/wp\/v2\/users\/4"}],"replies":[{"embeddable":true,"href":"https:\/\/www.lintelligentdabidjan.info\/news\/wp-json\/wp\/v2\/comments?post=41383"}],"version-history":[{"count":1,"href":"https:\/\/www.lintelligentdabidjan.info\/news\/wp-json\/wp\/v2\/posts\/41383\/revisions"}],"predecessor-version":[{"id":41385,"href":"https:\/\/www.lintelligentdabidjan.info\/news\/wp-json\/wp\/v2\/posts\/41383\/revisions\/41385"}],"wp:featuredmedia":[{"embeddable":true,"href":"https:\/\/www.lintelligentdabidjan.info\/news\/wp-json\/wp\/v2\/media\/41384"}],"wp:attachment":[{"href":"https:\/\/www.lintelligentdabidjan.info\/news\/wp-json\/wp\/v2\/media?parent=41383"}],"wp:term":[{"taxonomy":"category","embeddable":true,"href":"https:\/\/www.lintelligentdabidjan.info\/news\/wp-json\/wp\/v2\/categories?post=41383"},{"taxonomy":"post_tag","embeddable":true,"href":"https:\/\/www.lintelligentdabidjan.info\/news\/wp-json\/wp\/v2\/tags?post=41383"}],"curies":[{"name":"wp","href":"https:\/\/api.w.org\/{rel}","templated":true}]}}