{"id":41386,"date":"2025-12-10T06:23:46","date_gmt":"2025-12-10T05:23:46","guid":{"rendered":"https:\/\/www.lintelligentdabidjan.info\/news\/?p=41386"},"modified":"2025-12-10T06:23:54","modified_gmt":"2025-12-10T05:23:54","slug":"lintelligent-en-pdf-palais-de-la-presidence-leurs-impressions-apres-linvestiture-du-president-de-la-republique","status":"publish","type":"post","link":"https:\/\/www.lintelligentdabidjan.info\/news\/lintelligent-en-pdf-palais-de-la-presidence-leurs-impressions-apres-linvestiture-du-president-de-la-republique\/","title":{"rendered":"\u00a0L\u2019Intelligent en PDF :  Palais de la pr\u00e9sidence\u00a0  Leurs impressions apr\u00e8s l\u2019investiture du Pr\u00e9sident de la R\u00e9publique\u00a0"},"content":{"rendered":"<p dir=\"ltr\"><strong>Des acteurs politiques et de la soci\u00e9t\u00e9 civile se sont prononc\u00e9s sur l\u2019investiture du Pr\u00e9sident de la R\u00e9publique, Alassane Ouattara. Qui sont-ils et qu\u2019ont-ils d\u00e9clar\u00e9 ?<\/strong><\/p>\n<p dir=\"ltr\">Article \u00e0 d\u00e9couvrir dans vos kiosques et en ligne sur\u2026<\/p>\n<p dir=\"ltr\"><a href=\"https:\/\/news.abidjan.net\/titrologie\/39-lintelligent-dabidjan\/articles\" target=\"_blank\" rel=\"noopener\">https:\/\/news.abidjan.net\/titrologie\/39-lintelligent-dabidjan\/articles<\/a><\/p>\n<p dir=\"ltr\">\u00c0 lire aussi le ministre\u00a0 de la D\u00e9fense\u00a0 T\u00e9n\u00e9 Birahima Ouattara obtient le quitus des s\u00e9nateurs ; De nouvelles opportunit\u00e9s pour\u00a0les noix de cajou suite\u00a0 au Partenariat CCC avec une entreprise,\u00a0 Dr Raymonde Goudou Coffie prend une initiative \u00e0 Toumodi concernant le d\u00e9pistage de cancers, Anne Ouloto place l\u2019humain au c\u0153ur du service public avec l\u2019inauguration d\u2019un<\/p>\n<p dir=\"ltr\">Centre de sant\u00e9 et une visite\u00a0 au Centre de Relation Usagers-Clients, Beugr\u00e9 Mamb\u00e9 partage les priorit\u00e9s du Gouvernement ivoirien avec une d\u00e9l\u00e9gation am\u00e9ricaine.<\/p>\n<p dir=\"ltr\">Cliquez pour les d\u00e9tails<\/p>\n<p><a href=\"https:\/\/www.afrikipresse.fr\/abonnement\" target=\"_blank\" rel=\"noopener\">https:\/\/www.afrikipresse.fr\/abonnement<\/a><\/p>\n<p dir=\"ltr\">\u00c0 voir \u00e9galement\u00a0 , Fa\u00e9 justifie la mise \u00e0 l\u2019\u00e9cart de P\u00e9p\u00e9 Nicolas\u00a0 de\u00a0 la liste des 25 \u00c9l\u00e9phants \u00e0 la Can 2025 et Gaoussou Ouattara partage sa foi pour l\u2019AJSCI.<\/p>\n<p><a href=\"https:\/\/www.pressecotedivoire.fr\/titrologie\" target=\"_blank\" rel=\"noopener\">https:\/\/www.pressecotedivoire.fr\/titrologie<\/a><\/p>\n<p dir=\"ltr\">\n","protected":false},"excerpt":{"rendered":"<p>Des acteurs politiques et de la soci\u00e9t\u00e9 civile se sont prononc\u00e9s sur l\u2019investiture du Pr\u00e9sident de la R\u00e9publique, Alassane Ouattara. Qui sont-ils et qu\u2019ont-ils d\u00e9clar\u00e9 ? Article \u00e0 d\u00e9couvrir dans vos kiosques et en ligne sur\u2026 https:\/\/news.abidjan.net\/titrologie\/39-lintelligent-dabidjan\/articles \u00c0 lire aussi le ministre\u00a0 de la D\u00e9fense\u00a0 T\u00e9n\u00e9 Birahima Ouattara obtient le quitus des s\u00e9nateurs ; De [&hellip;]<\/p>\n","protected":false},"author":4,"featured_media":41387,"comment_status":"closed","ping_status":"closed","sticky":false,"template":"","format":"standard","meta":{"_monsterinsights_skip_tracking":false,"_monsterinsights_sitenote_active":false,"_monsterinsights_sitenote_note":"","_monsterinsights_sitenote_category":0,"footnotes":""},"categories":[2,3],"tags":[],"class_list":["post-41386","post","type-post","status-publish","format-standard","has-post-thumbnail","hentry","category-featured","category-societe"],"_links":{"self":[{"href":"https:\/\/www.lintelligentdabidjan.info\/news\/wp-json\/wp\/v2\/posts\/41386","targetHints":{"allow":["GET"]}}],"collection":[{"href":"https:\/\/www.lintelligentdabidjan.info\/news\/wp-json\/wp\/v2\/posts"}],"about":[{"href":"https:\/\/www.lintelligentdabidjan.info\/news\/wp-json\/wp\/v2\/types\/post"}],"author":[{"embeddable":true,"href":"https:\/\/www.lintelligentdabidjan.info\/news\/wp-json\/wp\/v2\/users\/4"}],"replies":[{"embeddable":true,"href":"https:\/\/www.lintelligentdabidjan.info\/news\/wp-json\/wp\/v2\/comments?post=41386"}],"version-history":[{"count":1,"href":"https:\/\/www.lintelligentdabidjan.info\/news\/wp-json\/wp\/v2\/posts\/41386\/revisions"}],"predecessor-version":[{"id":41388,"href":"https:\/\/www.lintelligentdabidjan.info\/news\/wp-json\/wp\/v2\/posts\/41386\/revisions\/41388"}],"wp:featuredmedia":[{"embeddable":true,"href":"https:\/\/www.lintelligentdabidjan.info\/news\/wp-json\/wp\/v2\/media\/41387"}],"wp:attachment":[{"href":"https:\/\/www.lintelligentdabidjan.info\/news\/wp-json\/wp\/v2\/media?parent=41386"}],"wp:term":[{"taxonomy":"category","embeddable":true,"href":"https:\/\/www.lintelligentdabidjan.info\/news\/wp-json\/wp\/v2\/categories?post=41386"},{"taxonomy":"post_tag","embeddable":true,"href":"https:\/\/www.lintelligentdabidjan.info\/news\/wp-json\/wp\/v2\/tags?post=41386"}],"curies":[{"name":"wp","href":"https:\/\/api.w.org\/{rel}","templated":true}]}}