{"id":41391,"date":"2025-12-11T06:55:27","date_gmt":"2025-12-11T05:55:27","guid":{"rendered":"https:\/\/www.lintelligentdabidjan.info\/news\/?p=41391"},"modified":"2025-12-11T06:55:42","modified_gmt":"2025-12-11T05:55:42","slug":"legislatives-2025-la-liste-abobo-renaissance-en-contact-avec-des-populations","status":"publish","type":"post","link":"https:\/\/www.lintelligentdabidjan.info\/news\/legislatives-2025-la-liste-abobo-renaissance-en-contact-avec-des-populations\/","title":{"rendered":"L\u00e9gislatives 2025 : La liste \u2019\u2019Abobo Renaissance\u2019\u2019 en contact avec des populations"},"content":{"rendered":"<p><em><strong>Dans le cadre des \u00e9lections l\u00e9gislatives du 27 d\u00e9cembre 2025, la liste \u2018\u2019Abobo Renaissance\u2019\u2019, conduite par Abdul Zakaria Kon\u00e9, a entrepris une\u00a0 tourn\u00e9e de proximit\u00e9, le\u00a0 dimanche 07 d\u00e9cembre 2025 dans <a href=\"https:\/\/www.lintelligentdabidjan.info\/news\/legislatives-2025-a-abobo-kalil-konate-salue-lhumilite-de-tene-birahima-ouattara\/\" target=\"_blank\" rel=\"noopener\">la commune d\u2019Abidjan-Abobo<\/a>.<\/strong><\/em><\/p>\n<p>Cette tourn\u00e9e avait pour but de pr\u00e9senter officiellement la candidature de la liste \u2018\u2019Abobo Renaissance\u2019\u2019 aux populations d\u2019Abobo-Anador, Derri\u00e8re-Rails, Gendarmerie et aux chefs de communaut\u00e9 d\u2019Abobo-Belleville. Une s\u00e9rie de rencontres marqu\u00e9es par une forte mobilisation et des \u00e9changes centr\u00e9s sur les attentes citoyennes, le changement et la participation active des Abobolais \u00e0 la gestion de leur commune.<\/p>\n<h2><strong>Abobo Renaissance : une candidature d\u2019unit\u00e9 et de renouveau<\/strong><\/h2>\n<blockquote><p>tout bon Abobolais doit se retrouver<\/p><\/blockquote>\n<p>&nbsp;<\/p>\n<p>\u00c0 Anador, premi\u00e8re \u00e9tape de la tourn\u00e9e, le chef de file de la liste, Abdul Zakaria Kon\u00e9, a clarifi\u00e9 l\u2019esprit dans lequel Abobo Renaissance se pr\u00e9sente aux l\u00e9gislatives. Selon lui, il ne s\u2019agit pas d\u2019une candidature \u00ab contre quelqu\u2019un \u00bb, mais d\u2019une initiative inclusive qui doit rassembler tous les fils et filles d\u2019Abobo : \u00ab La candidature d\u2019Abobo Renaissance est une candidature dans laquelle tout bon Abobolais doit se retrouver. La commune a \u00e9t\u00e9 trop longtemps marginalis\u00e9e parce que ses habitants ne sont pas impliqu\u00e9s dans sa gestion. Nous sommes candidats pour porter vos inqui\u00e9tudes. Il faut que les choses changent, il faut que nous ouvrions les yeux \u00bb.<\/p>\n<blockquote><p>manger la m\u00eame sauce<\/p><\/blockquote>\n<p>&nbsp;<\/p>\n<p>Apr\u00e8s Anador, la d\u00e9l\u00e9gation s\u2019est rendue \u00e0 Derri\u00e8re-Rails puis au quartier Gendarmerie, o\u00f9 elle a \u00e9chang\u00e9 directement avec les habitants.<\/p>\n<p>Les dol\u00e9ances recueillies ont toutes converg\u00e9 vers un m\u00eame souhait : un renouveau politique local. Les habitants n\u2019ont pas cach\u00e9 leur lassitude face \u00e0 l\u2019immobilisme :\u00a0 \u00ab On ne peut pas toujours manger la m\u00eame sauce \u00bb, ont-ils lanc\u00e9 pour illustrer leur volont\u00e9 de changement. Ces \u00e9changes ont permis \u00e0 l\u2019\u00e9quipe Abobo Renaissance d\u2019\u00e9couter, de rassurer et de r\u00e9affirmer leur volont\u00e9 d\u2019inscrire leur action dans la proximit\u00e9 et la participation citoyenne.<\/p>\n<h3><strong>Belleville : les chefs de communaut\u00e9 appel\u00e9s \u00e0 soutenir la liste<\/strong><\/h3>\n<p>La tourn\u00e9e s\u2019est achev\u00e9e \u00e0 Abobo Belleville, o\u00f9 les candidats ont \u00e9t\u00e9 re\u00e7us par les chefs de communaut\u00e9. Le candidat titulaire, Batoua K\u00e9ss\u00e9 G\u00e9rard, originaire du quartier, a lanc\u00e9 un appel appuy\u00e9 \u00e0 ses parents et proches<\/p>\n<p>\u00ab Je suis de ce quartier et je partage vos souffrances au quotidien. Nous sommes la liste qui vous m\u00e9rite, car nous vivons le m\u00eame quotidien et les m\u00eames difficult\u00e9s. Abobo Renaissance ne vous abandonnera jamais. \u00bb La tourn\u00e9e men\u00e9e par <a href=\"https:\/\/www.aip.ci\/286023\/cote-divoire-aip-legislatives-2025-la-liste-osons-le-changement-dabobo-officiellement-presentee-aux-populations\/\" target=\"_blank\" rel=\"noopener\">la liste Abobo Renaissance<\/a> s\u2019inscrit dans une dynamique de proximit\u00e9 en vue des l\u00e9gislatives 2025.<\/p>\n<p><strong>Mamadou Ouattara avec A. Traor\u00e9 avec Sercom<\/strong><\/p>\n<p>&nbsp;<\/p>\n<p>&nbsp;<\/p>\n<p>&nbsp;<\/p>\n<p>&nbsp;<\/p>\n<p>&nbsp;<\/p>\n<p>&nbsp;<\/p>\n","protected":false},"excerpt":{"rendered":"<p>Dans le cadre des \u00e9lections l\u00e9gislatives du 27 d\u00e9cembre 2025, la liste \u2018\u2019Abobo Renaissance\u2019\u2019, conduite par Abdul Zakaria Kon\u00e9, a entrepris une\u00a0 tourn\u00e9e de proximit\u00e9, le\u00a0 dimanche 07 d\u00e9cembre 2025 dans la commune d\u2019Abidjan-Abobo. Cette tourn\u00e9e avait pour but de pr\u00e9senter officiellement la candidature de la liste \u2018\u2019Abobo Renaissance\u2019\u2019 aux populations d\u2019Abobo-Anador, Derri\u00e8re-Rails, Gendarmerie et [&hellip;]<\/p>\n","protected":false},"author":4,"featured_media":41392,"comment_status":"closed","ping_status":"closed","sticky":false,"template":"","format":"standard","meta":{"_monsterinsights_skip_tracking":false,"_monsterinsights_sitenote_active":false,"_monsterinsights_sitenote_note":"","_monsterinsights_sitenote_category":0,"footnotes":""},"categories":[2,17],"tags":[6600,6599,6371,1512],"class_list":["post-41391","post","type-post","status-publish","format-standard","has-post-thumbnail","hentry","category-featured","category-politique","tag-abobo-renaissance","tag-la-liste","tag-legislatives-2025","tag-populations"],"_links":{"self":[{"href":"https:\/\/www.lintelligentdabidjan.info\/news\/wp-json\/wp\/v2\/posts\/41391","targetHints":{"allow":["GET"]}}],"collection":[{"href":"https:\/\/www.lintelligentdabidjan.info\/news\/wp-json\/wp\/v2\/posts"}],"about":[{"href":"https:\/\/www.lintelligentdabidjan.info\/news\/wp-json\/wp\/v2\/types\/post"}],"author":[{"embeddable":true,"href":"https:\/\/www.lintelligentdabidjan.info\/news\/wp-json\/wp\/v2\/users\/4"}],"replies":[{"embeddable":true,"href":"https:\/\/www.lintelligentdabidjan.info\/news\/wp-json\/wp\/v2\/comments?post=41391"}],"version-history":[{"count":1,"href":"https:\/\/www.lintelligentdabidjan.info\/news\/wp-json\/wp\/v2\/posts\/41391\/revisions"}],"predecessor-version":[{"id":41393,"href":"https:\/\/www.lintelligentdabidjan.info\/news\/wp-json\/wp\/v2\/posts\/41391\/revisions\/41393"}],"wp:featuredmedia":[{"embeddable":true,"href":"https:\/\/www.lintelligentdabidjan.info\/news\/wp-json\/wp\/v2\/media\/41392"}],"wp:attachment":[{"href":"https:\/\/www.lintelligentdabidjan.info\/news\/wp-json\/wp\/v2\/media?parent=41391"}],"wp:term":[{"taxonomy":"category","embeddable":true,"href":"https:\/\/www.lintelligentdabidjan.info\/news\/wp-json\/wp\/v2\/categories?post=41391"},{"taxonomy":"post_tag","embeddable":true,"href":"https:\/\/www.lintelligentdabidjan.info\/news\/wp-json\/wp\/v2\/tags?post=41391"}],"curies":[{"name":"wp","href":"https:\/\/api.w.org\/{rel}","templated":true}]}}