{"id":41403,"date":"2025-12-12T02:33:34","date_gmt":"2025-12-12T01:33:34","guid":{"rendered":"https:\/\/www.lintelligentdabidjan.info\/news\/?p=41403"},"modified":"2025-12-12T02:33:39","modified_gmt":"2025-12-12T01:33:39","slug":"ujlog-la-2%e1%b5%89-edition-des-journees-des-sciences-de-lenvironnement-et-du-developpement-durable-lancee","status":"publish","type":"post","link":"https:\/\/www.lintelligentdabidjan.info\/news\/ujlog-la-2%e1%b5%89-edition-des-journees-des-sciences-de-lenvironnement-et-du-developpement-durable-lancee\/","title":{"rendered":"UJLoG :  La\u00a0 2\u1d49 \u00e9dition des Journ\u00e9es des Sciences de l\u2019Environnement et du D\u00e9veloppement Durable lanc\u00e9e"},"content":{"rendered":"<p><em><strong>La deuxi\u00e8me \u00e9dition des Journ\u00e9es des Sciences de l\u2019Environnement et du D\u00e9veloppement Durable (JSEDD 2025), organis\u00e9e par l&#8217;UFR Environnement de l\u2019Universit\u00e9 Jean Lorougnon Gu\u00e9d\u00e9 de <a href=\"https:\/\/www.lintelligentdabidjan.info\/news\/universite-de-daloa-linstitution-dotee-dun-espace-documentaire-et-culturel-par-les-etats-unis\/\" target=\"_blank\" rel=\"noopener\">Daloa<\/a>, a \u00e9t\u00e9 officiellement lanc\u00e9e le mardi 9 d\u00e9cembre 2025 \u00e0 l\u2019amphith\u00e9\u00e2tre C de l\u2019universit\u00e9.<\/strong><\/em><\/p>\n<p>\u00c0 cette occasion, le directeur de l\u2019UFR Environnement, le Professeur Kouakou Kouakou Lazare, a soulign\u00e9 que la JSEDD 2025 constitue une v\u00e9ritable plateforme d\u2019\u00e9changes et de r\u00e9flexion scientifique.<\/p>\n<p>Plac\u00e9e sous le th\u00e8me \u00ab\u202fInnovations et r\u00e9silience face aux d\u00e9fis environnementaux \u00e9mergents\u202f\u00bb, cette rencontre est devenue un rendez-vous majeur pour la recherche et l\u2019innovation en mati\u00e8re de d\u00e9veloppement durable en C\u00f4te d\u2019Ivoire et dans la sous-r\u00e9gion.<\/p>\n<p>Dans son allocution d\u2019ouverture, le Professeur Lazare a rappel\u00e9 que la JSEDD, lanc\u00e9e en 2022, est d\u00e9sormais un rendez-vous incontournable pour les chercheurs, \u00e9tudiants, d\u00e9cideurs publics et acteurs de la soci\u00e9t\u00e9 civile.<\/p>\n<p>\u00ab\u202fCette initiative offre un creuset scientifique permettant la confrontation des id\u00e9es, la diffusion des r\u00e9sultats de recherche et la co-construction de solutions innovantes adapt\u00e9es aux r\u00e9alit\u00e9s locales, nationales et r\u00e9gionales\u202f\u00bb, a-t-il expliqu\u00e9.<\/p>\n<p>Selon lui, le th\u00e8me choisi traduit la volont\u00e9 de r\u00e9pondre aux principaux d\u00e9fis auxquels la C\u00f4te d\u2019Ivoire est confront\u00e9e. Il a ainsi cit\u00e9 les effets croissants du changement climatique, la d\u00e9gradation des \u00e9cosyst\u00e8mes li\u00e9e aux activit\u00e9s mini\u00e8res, la pollution et la rar\u00e9faction des ressources en eau, la gestion insuffisante des d\u00e9chets, ainsi que l\u2019urbanisation rapide et non planifi\u00e9e. Ces enjeux, par leur ampleur, n\u00e9cessitent de repenser les pratiques de recherche, les modes de production, l\u2019agriculture, les choix \u00e9nerg\u00e9tiques et les politiques de gestion environnementale de mani\u00e8re structur\u00e9e.<\/p>\n<p>Le Professeur Kouakou Kouakou Lazare a invit\u00e9 tous les participants \u00e0 profiter de ces trois jours d\u2019\u00e9changes pour r\u00e9fl\u00e9chir, d\u00e9battre, proposer et agir.<\/p>\n<p>\u00ab\u202fLes d\u00e9fis sont vastes, mais ils sont \u00e0 notre port\u00e9e si nous travaillons ensemble dans un esprit d\u2019innovation, de rigueur scientifique et d\u2019engagement citoyen. J\u2019invite les chercheurs \u00e0 partager g\u00e9n\u00e9reusement leurs connaissances, les \u00e9tudiants \u00e0 s\u2019approprier ces espaces d\u2019apprentissage et d\u2019inspiration, et les d\u00e9cideurs politiques \u00e0 int\u00e9grer les r\u00e9sultats de nos travaux dans les politiques publiques et strat\u00e9gies nationales\u202f\u00bb, a-t-il pr\u00e9cis\u00e9.<\/p>\n<p>Au nom de la pr\u00e9sidente de l\u2019universit\u00e9, le Professeur Kon\u00e9 Issiaka, vice-pr\u00e9sident charg\u00e9 de la recherche, de l\u2019innovation et des relations internationales, a rappel\u00e9 que ces journ\u00e9es constituent un cadre privil\u00e9gi\u00e9 pour partager les exp\u00e9riences et r\u00e9fl\u00e9chir collectivement aux solutions \u00e0 apporter aux enjeux environnementaux.<\/p>\n<p>\u00ab\u202fLes connaissances produites ici doivent inspirer, orienter et transformer les pratiques. Ensemble, nous pouvons b\u00e2tir des territoires plus r\u00e9silients et promouvoir des innovations durables pour les g\u00e9n\u00e9rations futures\u202f\u00bb, a-t-il affirm\u00e9.<\/p>\n<p>Le Directeur g\u00e9n\u00e9ral de la Recherche et de l\u2019Innovation, Kon\u00e9 Tidiani, a encourag\u00e9 \u00e9tudiants et chercheurs \u00e0 d\u00e9velopper des solutions locales innovantes. Il a \u00e9galement rappel\u00e9 que les universit\u00e9s sont d\u00e9sormais tenues \u00e0 un contrat de performance scientifique et technologique.<\/p>\n<p>\u00ab\u202fLes th\u00e9matiques abord\u00e9es dans cette \u00e9dition entrent pleinement dans le champ des priorit\u00e9s nationales, et la recherche doit produire des connaissances pertinentes pour soutenir l\u2019innovation\u202f\u00bb, a-t-il insist\u00e9.<\/p>\n<p>La c\u00e9r\u00e9monie d\u2019ouverture a \u00e9galement \u00e9t\u00e9 marqu\u00e9e par une conf\u00e9rence inaugurale prononc\u00e9e par le Dr Colonel Diarrassouba Abdoulaye, directeur de la zone sud-ouest de l\u2019Office ivoirien des Parcs et R\u00e9serves, ainsi que par la projection d\u2019un film institutionnel sur l\u2019UFR Environnement, pr\u00e9sentant ses missions, ses activit\u00e9s de recherche, ses projets et son engagement pour le d\u00e9veloppement durable.<\/p>\n<p>La JSEDD 2025 se tient du 9 au 11 d\u00e9cembre 2025 et propose des conf\u00e9rences, panels, communications scientifiques, ateliers pratiques et expositions.<\/p>\n<p>Les travaux du colloque s\u2019articulent autour de cinq axes strat\u00e9giques , notamment :<\/p>\n<p>l\u2019activit\u00e9 mini\u00e8re et <a href=\"https:\/\/www.aip.ci\/290198\/cote-divoire-aip-des-universitaires-reflechissent-au-renforcement-de-la-resilience-des-systemes-environnementaux-et-socio-economiques-a-daloa\/\" target=\"_blank\" rel=\"noopener\">la gestion de l\u2019environnement<\/a>, les \u00e9co-mat\u00e9riaux et la valorisation des d\u00e9chets agro-industriels, l\u2019agriculture et la gestion de la biodiversit\u00e9,\u00a0la gestion des ressources en eau et la mod\u00e9lisation des ph\u00e9nom\u00e8nes environnementaux.<\/p>\n<p><strong>Beker Yao\u00a0<\/strong><\/p>\n<p>&nbsp;<\/p>\n<p>&nbsp;<\/p>\n<p>&nbsp;<\/p>\n<p>&nbsp;<\/p>\n<p>&nbsp;<\/p>\n","protected":false},"excerpt":{"rendered":"<p>La deuxi\u00e8me \u00e9dition des Journ\u00e9es des Sciences de l\u2019Environnement et du D\u00e9veloppement Durable (JSEDD 2025), organis\u00e9e par l&#8217;UFR Environnement de l\u2019Universit\u00e9 Jean Lorougnon Gu\u00e9d\u00e9 de Daloa, a \u00e9t\u00e9 officiellement lanc\u00e9e le mardi 9 d\u00e9cembre 2025 \u00e0 l\u2019amphith\u00e9\u00e2tre C de l\u2019universit\u00e9. \u00c0 cette occasion, le directeur de l\u2019UFR Environnement, le Professeur Kouakou Kouakou Lazare, a soulign\u00e9 [&hellip;]<\/p>\n","protected":false},"author":4,"featured_media":41404,"comment_status":"closed","ping_status":"closed","sticky":false,"template":"","format":"standard","meta":{"_monsterinsights_skip_tracking":false,"_monsterinsights_sitenote_active":false,"_monsterinsights_sitenote_note":"","_monsterinsights_sitenote_category":0,"footnotes":""},"categories":[2,3],"tags":[3809,6606,2608],"class_list":["post-41403","post","type-post","status-publish","format-standard","has-post-thumbnail","hentry","category-featured","category-societe","tag-developpement-durable","tag-la-2-edition-des-journees-des-sciences-de-lenvironnement","tag-ujlog"],"_links":{"self":[{"href":"https:\/\/www.lintelligentdabidjan.info\/news\/wp-json\/wp\/v2\/posts\/41403","targetHints":{"allow":["GET"]}}],"collection":[{"href":"https:\/\/www.lintelligentdabidjan.info\/news\/wp-json\/wp\/v2\/posts"}],"about":[{"href":"https:\/\/www.lintelligentdabidjan.info\/news\/wp-json\/wp\/v2\/types\/post"}],"author":[{"embeddable":true,"href":"https:\/\/www.lintelligentdabidjan.info\/news\/wp-json\/wp\/v2\/users\/4"}],"replies":[{"embeddable":true,"href":"https:\/\/www.lintelligentdabidjan.info\/news\/wp-json\/wp\/v2\/comments?post=41403"}],"version-history":[{"count":1,"href":"https:\/\/www.lintelligentdabidjan.info\/news\/wp-json\/wp\/v2\/posts\/41403\/revisions"}],"predecessor-version":[{"id":41405,"href":"https:\/\/www.lintelligentdabidjan.info\/news\/wp-json\/wp\/v2\/posts\/41403\/revisions\/41405"}],"wp:featuredmedia":[{"embeddable":true,"href":"https:\/\/www.lintelligentdabidjan.info\/news\/wp-json\/wp\/v2\/media\/41404"}],"wp:attachment":[{"href":"https:\/\/www.lintelligentdabidjan.info\/news\/wp-json\/wp\/v2\/media?parent=41403"}],"wp:term":[{"taxonomy":"category","embeddable":true,"href":"https:\/\/www.lintelligentdabidjan.info\/news\/wp-json\/wp\/v2\/categories?post=41403"},{"taxonomy":"post_tag","embeddable":true,"href":"https:\/\/www.lintelligentdabidjan.info\/news\/wp-json\/wp\/v2\/tags?post=41403"}],"curies":[{"name":"wp","href":"https:\/\/api.w.org\/{rel}","templated":true}]}}