{"id":41406,"date":"2025-12-12T02:38:31","date_gmt":"2025-12-12T01:38:31","guid":{"rendered":"https:\/\/www.lintelligentdabidjan.info\/news\/?p=41406"},"modified":"2025-12-12T02:38:40","modified_gmt":"2025-12-12T01:38:40","slug":"jiv-2025-708-nouveaux-volontaires-mobilises-dans-64-communes","status":"publish","type":"post","link":"https:\/\/www.lintelligentdabidjan.info\/news\/jiv-2025-708-nouveaux-volontaires-mobilises-dans-64-communes\/","title":{"rendered":"JIV 2025:  708 nouveaux volontaires mobilis\u00e9s dans 64 communes"},"content":{"rendered":"<p><em><strong>Le vendredi 5 d\u00e9cembre 2025 s\u2019est tenue la c\u00e9l\u00e9bration officielle de la Journ\u00e9e Internationale des Volontaires (JIV).<\/strong><\/em><\/p>\n<p>Organis\u00e9 par le minist\u00e8re de la Promotion de la jeunesse, de l\u2019Insertion professionnelle et du Service civique, l\u2019\u00e9v\u00e9nement a \u00e9t\u00e9 marqu\u00e9 par le lancement du Programme National de Volontariat et de B\u00e9n\u00e9volat de C\u00f4te d\u2019Ivoire, destin\u00e9 \u00e0 structurer et renforcer l\u2019engagement citoyen dans le pays.<\/p>\n<p>\u00c0 cette occasion, le ministre Mamadou Tour\u00e9 a salu\u00e9 une arm\u00e9e de c\u0153urs g\u00e9n\u00e9reux qui \u0153uvrent quotidiennement dans les \u00e9coles, les centres de sant\u00e9, les communaut\u00e9s et les for\u00eats du pays. Rappelant que la JIV a \u00e9t\u00e9 institu\u00e9e par les Nations Unies le 17 d\u00e9cembre 1985, il a indiqu\u00e9 l\u2019importance du th\u00e8me international retenu cette ann\u00e9e. \u00ab Pour une Nation solidaire, chaque action de Volontariat et de B\u00e9n\u00e9volat compte \u00bb. Selon lui, ce th\u00e8me refl\u00e8te la r\u00e9alit\u00e9 ivoirienne, o\u00f9 des milliers de citoyens s\u2019unissent pour construire une soci\u00e9t\u00e9 plus inclusive et r\u00e9siliente.<\/p>\n<p>\u00ab Le volontariat n\u2019est pas une activit\u00e9 parmi tant d&#8217;autres, c\u2019est une valeur cardinale, un choix citoyen \u00bb, a-t-il dit.<\/p>\n<p>Revenant sur les acquis des ann\u00e9es pr\u00e9c\u00e9dentes, le ministre a rappel\u00e9 que 35 778 volontaires et b\u00e9n\u00e9voles ont \u00e9t\u00e9 d\u00e9ploy\u00e9s depuis la phase pilote du programme de volontariat en 2017, avec l\u2019appui du PNUD. Ils sont intervenus dans des domaines essentiels, paix, sant\u00e9, \u00e9ducation, environnement, d\u00e9veloppement local. Ensuite, il a annonc\u00e9 le lancement officiel du Programme National de Volontariat et de B\u00e9n\u00e9volat de C\u00f4te d\u2019Ivoire, un programme visant, \u00e0 l\u2019horizon 2030, \u00e0 doter le pays d\u2019un \u00e9cosyst\u00e8me national du volontariat plus structur\u00e9. Il s\u2019articule autour de cinq composantes strat\u00e9giques, une plateforme num\u00e9rique int\u00e9gr\u00e9e du volontariat et du b\u00e9n\u00e9volat, la diversification des dispositifs d\u2019engagement, l\u2019ouverture r\u00e9gionale et internationale du volontariat, le renforcement de la formation, de l\u2019encadrement et de la certification, ainsi que la consolidation du cadre juridique et institutionnel. L\u2019outil central de ce dispositif, la plateforme\u00a0<a href=\"http:\/\/benevoles.oscn.ci\/\">benevoles.oscn.ci<\/a>, a \u00e9t\u00e9 officiellement pr\u00e9sent\u00e9 au public.<\/p>\n<p>En outre, le ministre de la Promotion de la jeunesse, de l&#8217;Insertion professionnelle et du Service civique a proc\u00e9d\u00e9 \u00e0 la mise en mission de 708 nouveaux volontaires, appel\u00e9s \u00e0 appuyer 64 communes dans 10 r\u00e9gions du pays et le District d\u2019Abidjan, en partenariat avec l\u2019Union des Villes et Communes de C\u00f4te d\u2019Ivoire (UVICOCI).<\/p>\n<p>Un financement total de 204,92 millions de FCFA a \u00e9t\u00e9 mobilis\u00e9, dont 169,92 millions de FCFA pour les allocations des b\u00e9n\u00e9ficiaires (40 000 FCFA par mois pendant six mois) et 35 millions de FCFA pour leur formation ainsi que leur suivi de mission.<\/p>\n<h2><strong>Amadou Kon\u00e9 : \u00ab le volontariat est un levier d\u2019am\u00e9lioration du service public local \u00bb<\/strong><\/h2>\n<p>Le ministre Amadou Kon\u00e9, pr\u00e9sident de l\u2019UVICOCI, a salu\u00e9 la qualit\u00e9 de la coop\u00e9ration entre les municipalit\u00e9s et le minist\u00e8re de la Jeunesse, soulignant qu\u2019en 2024, 492 volontaires ont \u00e9t\u00e9 d\u00e9ploy\u00e9s dans 30 mairies, qu\u2019en 2025, 250 ing\u00e9nieurs et techniciens de l\u2019INPHB ont renforc\u00e9 plusieurs communes, et que la mobilisation a atteint 708 volontaires cette m\u00eame ann\u00e9e, soit une progression de 44 %.<\/p>\n<p>Selon lui, ces engagements d\u00e9montrent que le volontariat, soutenu par les collectivit\u00e9s et l\u2019\u00c9tat, est un levier d\u2019am\u00e9lioration du service public local.<\/p>\n<p>Quant \u00e0 la ministre Myss Belmonde Dogo, elle a salu\u00e9 la mise en mission de 6 500 B\u00e9n\u00e9voles pour la Paix lors de l&#8217;\u00e9lection pr\u00e9sidentielle de 2025, soulignant leur r\u00f4le important dans la pr\u00e9servation d\u2019un climat apais\u00e9. Elle a qualifi\u00e9 le nouveau programme national de volontariat de r\u00e9ponse ambitieuse et durable aux enjeux de coh\u00e9sion sociale et de solidarit\u00e9.<\/p>\n<p>\u00ab Le protocole d\u2019accord sign\u00e9 avec le minist\u00e8re de la Jeunesse renforce cette synergie autour de trois axes majeurs : le profilage et prise en charge des jeunes vuln\u00e9rables, l&#8217;appui au fonctionnement des Centres de Service Civique et la mobilisation de volontaires dans les actions d\u2019aide humanitaire et de lutte contre la pauvret\u00e9 \u00bb a indiqu\u00e9, Myss Belmonde Dogo, ministre de la Solidarit\u00e9, de la Coh\u00e9sion nationale et de la lutte contre la pauvret\u00e9. Il faut noter que, depuis 2001, la C\u00f4te d\u2019Ivoire comm\u00e9more chaque 5 d\u00e9cembre cette journ\u00e9e internationale institu\u00e9e par les Nations Unies pour mettre en lumi\u00e8re l\u2019engagement b\u00e9n\u00e9vole \u00e0 travers le monde.<\/p>\n<p><strong>Mamadou Ouattara avec Ly Abdul<\/strong><\/p>\n<p>&nbsp;<\/p>\n<p>&nbsp;<\/p>\n<p>&nbsp;<\/p>\n<p>&nbsp;<\/p>\n<p>&nbsp;<\/p>\n<p>&nbsp;<\/p>\n<p>&nbsp;<\/p>\n<p>&nbsp;<\/p>\n<p>&nbsp;<\/p>\n","protected":false},"excerpt":{"rendered":"<p>Le vendredi 5 d\u00e9cembre 2025 s\u2019est tenue la c\u00e9l\u00e9bration officielle de la Journ\u00e9e Internationale des Volontaires (JIV). Organis\u00e9 par le minist\u00e8re de la Promotion de la jeunesse, de l\u2019Insertion professionnelle et du Service civique, l\u2019\u00e9v\u00e9nement a \u00e9t\u00e9 marqu\u00e9 par le lancement du Programme National de Volontariat et de B\u00e9n\u00e9volat de C\u00f4te d\u2019Ivoire, destin\u00e9 \u00e0 structurer [&hellip;]<\/p>\n","protected":false},"author":4,"featured_media":41407,"comment_status":"closed","ping_status":"closed","sticky":false,"template":"","format":"standard","meta":{"_monsterinsights_skip_tracking":false,"_monsterinsights_sitenote_active":false,"_monsterinsights_sitenote_note":"","_monsterinsights_sitenote_category":0,"footnotes":""},"categories":[2,3],"tags":[6609,6607,6608],"class_list":["post-41406","post","type-post","status-publish","format-standard","has-post-thumbnail","hentry","category-featured","category-societe","tag-communes","tag-jiv-2025","tag-nouveaux-volontaires"],"_links":{"self":[{"href":"https:\/\/www.lintelligentdabidjan.info\/news\/wp-json\/wp\/v2\/posts\/41406","targetHints":{"allow":["GET"]}}],"collection":[{"href":"https:\/\/www.lintelligentdabidjan.info\/news\/wp-json\/wp\/v2\/posts"}],"about":[{"href":"https:\/\/www.lintelligentdabidjan.info\/news\/wp-json\/wp\/v2\/types\/post"}],"author":[{"embeddable":true,"href":"https:\/\/www.lintelligentdabidjan.info\/news\/wp-json\/wp\/v2\/users\/4"}],"replies":[{"embeddable":true,"href":"https:\/\/www.lintelligentdabidjan.info\/news\/wp-json\/wp\/v2\/comments?post=41406"}],"version-history":[{"count":1,"href":"https:\/\/www.lintelligentdabidjan.info\/news\/wp-json\/wp\/v2\/posts\/41406\/revisions"}],"predecessor-version":[{"id":41408,"href":"https:\/\/www.lintelligentdabidjan.info\/news\/wp-json\/wp\/v2\/posts\/41406\/revisions\/41408"}],"wp:featuredmedia":[{"embeddable":true,"href":"https:\/\/www.lintelligentdabidjan.info\/news\/wp-json\/wp\/v2\/media\/41407"}],"wp:attachment":[{"href":"https:\/\/www.lintelligentdabidjan.info\/news\/wp-json\/wp\/v2\/media?parent=41406"}],"wp:term":[{"taxonomy":"category","embeddable":true,"href":"https:\/\/www.lintelligentdabidjan.info\/news\/wp-json\/wp\/v2\/categories?post=41406"},{"taxonomy":"post_tag","embeddable":true,"href":"https:\/\/www.lintelligentdabidjan.info\/news\/wp-json\/wp\/v2\/tags?post=41406"}],"curies":[{"name":"wp","href":"https:\/\/api.w.org\/{rel}","templated":true}]}}