{"id":41409,"date":"2025-12-12T02:45:31","date_gmt":"2025-12-12T01:45:31","guid":{"rendered":"https:\/\/www.lintelligentdabidjan.info\/news\/?p=41409"},"modified":"2025-12-12T02:45:31","modified_gmt":"2025-12-12T01:45:31","slug":"lintelligent-en-pdf-cote-divoire-chine-un-lycee-delite-inaugure-a-ebimpe-ce-quil-faut-savoir","status":"publish","type":"post","link":"https:\/\/www.lintelligentdabidjan.info\/news\/lintelligent-en-pdf-cote-divoire-chine-un-lycee-delite-inaugure-a-ebimpe-ce-quil-faut-savoir\/","title":{"rendered":"L&#8217;Intelligent en PDF:\u00a0 C\u00f4te d\u2019Ivoire-Chine  Un lyc\u00e9e d\u2019\u00e9lite inaugur\u00e9 \u00e0 Ebimp\u00e9 : ce qu\u2019il faut savoir"},"content":{"rendered":"<div class=\"I_ZiTj5d C_1GbO8e W_6D6F D_F ek_BB z_n m_22RyjK em_N O_0 ah_16P6j9 ai_Zc7bQR\" role=\"region\" data-test-id=\"message-view-body\" aria-labelledby=\"message-view-body-landmark\">\n<div class=\"msg-body mq_AS\" data-test-id=\"message-view-body-content\">\n<div class=\"je_2kCCw7 jb_dm5 X_7sfl N_7sfl\">\n<div>\n<div id=\"yiv7206536982\">\n<div id=\"yiv7206536982\">\n<div>\n<div class=\"yiv7206536982yahoo-style-wrap\">\n<div dir=\"ltr\">\n<div>\n<p dir=\"ltr\"><strong>Un lyc\u00e9e d\u2019\u00e9lite a \u00e9t\u00e9 inaugur\u00e9 \u00e0 Ebimp\u00e9, le jeudi 11 d\u00e9cembre 2025, par le Vice-pr\u00e9sident de la R\u00e9publique, Ti\u00e9moko Meyliet Kon\u00e9, dans le cadre de la coop\u00e9ration C\u00f4te d\u2019Ivoire\u2013Chine. De quel \u00e9tablissement s\u2019agit-il et quelles sont ses caract\u00e9ristiques ?<\/strong><\/p>\n<p dir=\"ltr\">Article \u00e0 d\u00e9couvrir dans vos kiosques et en ligne sur&#8230;<\/p>\n<p><a href=\"https:\/\/news.abidjan.net\/titrologie\/39-lintelligent-dabidjan\/articles\" target=\"_blank\" rel=\"noopener\">https:\/\/news.abidjan.net\/titrologie\/39-lintelligent-dabidjan\/articles<\/a><\/p>\n<p dir=\"ltr\">\u00a0\u00a0\u00c0\u00a0 lire aussi Edwige Djeckerh Dekou d\u00e9dicace \u00ab Destin\u00e9e Cruelle \u00bb \u00e0 Alep\u00e9 , Adama Kamara pour une s\u00e9curit\u00e9 sociale pour tous face aux s\u00e9nateurs quand Anne Ouloto est pour\u00a0une administration publique \u00e0 la hauteur des ambitions, Mamadou Tour\u00e9 appelle \u00e0 la mobilisation \u00e0 B\u00e9diala et Gonat\u00e9 dans le cadre des l\u00e9gislatives 2025;\u00a0le bilan des 16 jours d\u2019activisme en C\u00f4te d\u2019Ivoire contre les violences faites aux femmes, Florence Kon\u00e9 et le Festival des Grillades laur\u00e9ats de la\u00a0 4\u00e8 \u00e9dition des \u00ab Sublimes du Tourisme \u00bb<\/p>\n<p dir=\"ltr\">Cliquez pour les d\u00e9tails<\/p>\n<p><a href=\"https:\/\/www.afrikipresse.fr\/abonnement\" target=\"_blank\" rel=\"noopener\">https:\/\/www.afrikipresse.fr\/abonnement<\/a><\/p>\n<p dir=\"ltr\">\u00a0\u00a0\u00c0\u00a0 voir \u00e9galement le Cipa n\u2019a pas oubli\u00e9 Houphou\u00ebt-Boigny et le Cndh et la soci\u00e9t\u00e9 civile font le bilan de la pr\u00e9sidentielle 2025.<\/p>\n<p><a href=\"https:\/\/www.pressecotedivoire.fr\/titrologie\" target=\"_blank\" rel=\"noopener\">https:\/\/www.pressecotedivoire.fr\/titrologie<\/a><\/p>\n<p><span id=\"yiv7206536982ydpd7c9a689docs-internal-guid-aa873d70-7fff-96dd-ea58-d030336af85d\"><\/p>\n<p><\/span><\/div>\n<\/div>\n<\/div>\n<\/div>\n<\/div>\n<\/div>\n<\/div>\n<\/div>\n<\/div>\n<\/div>\n<div class=\"D_F eo_HB U_0 ab_C gl_C crqN_6Fd5 H_3n93F\" data-test-id=\"reply-toolbar\"><\/div>\n","protected":false},"excerpt":{"rendered":"<p>Un lyc\u00e9e d\u2019\u00e9lite a \u00e9t\u00e9 inaugur\u00e9 \u00e0 Ebimp\u00e9, le jeudi 11 d\u00e9cembre 2025, par le Vice-pr\u00e9sident de la R\u00e9publique, Ti\u00e9moko Meyliet Kon\u00e9, dans le cadre de la coop\u00e9ration C\u00f4te d\u2019Ivoire\u2013Chine. De quel \u00e9tablissement s\u2019agit-il et quelles sont ses caract\u00e9ristiques ? Article \u00e0 d\u00e9couvrir dans vos kiosques et en ligne sur&#8230; https:\/\/news.abidjan.net\/titrologie\/39-lintelligent-dabidjan\/articles \u00a0\u00a0\u00c0\u00a0 lire aussi Edwige [&hellip;]<\/p>\n","protected":false},"author":4,"featured_media":41410,"comment_status":"closed","ping_status":"closed","sticky":false,"template":"","format":"standard","meta":{"_monsterinsights_skip_tracking":false,"_monsterinsights_sitenote_active":false,"_monsterinsights_sitenote_note":"","_monsterinsights_sitenote_category":0,"footnotes":""},"categories":[2,3],"tags":[],"class_list":["post-41409","post","type-post","status-publish","format-standard","has-post-thumbnail","hentry","category-featured","category-societe"],"_links":{"self":[{"href":"https:\/\/www.lintelligentdabidjan.info\/news\/wp-json\/wp\/v2\/posts\/41409","targetHints":{"allow":["GET"]}}],"collection":[{"href":"https:\/\/www.lintelligentdabidjan.info\/news\/wp-json\/wp\/v2\/posts"}],"about":[{"href":"https:\/\/www.lintelligentdabidjan.info\/news\/wp-json\/wp\/v2\/types\/post"}],"author":[{"embeddable":true,"href":"https:\/\/www.lintelligentdabidjan.info\/news\/wp-json\/wp\/v2\/users\/4"}],"replies":[{"embeddable":true,"href":"https:\/\/www.lintelligentdabidjan.info\/news\/wp-json\/wp\/v2\/comments?post=41409"}],"version-history":[{"count":1,"href":"https:\/\/www.lintelligentdabidjan.info\/news\/wp-json\/wp\/v2\/posts\/41409\/revisions"}],"predecessor-version":[{"id":41411,"href":"https:\/\/www.lintelligentdabidjan.info\/news\/wp-json\/wp\/v2\/posts\/41409\/revisions\/41411"}],"wp:featuredmedia":[{"embeddable":true,"href":"https:\/\/www.lintelligentdabidjan.info\/news\/wp-json\/wp\/v2\/media\/41410"}],"wp:attachment":[{"href":"https:\/\/www.lintelligentdabidjan.info\/news\/wp-json\/wp\/v2\/media?parent=41409"}],"wp:term":[{"taxonomy":"category","embeddable":true,"href":"https:\/\/www.lintelligentdabidjan.info\/news\/wp-json\/wp\/v2\/categories?post=41409"},{"taxonomy":"post_tag","embeddable":true,"href":"https:\/\/www.lintelligentdabidjan.info\/news\/wp-json\/wp\/v2\/tags?post=41409"}],"curies":[{"name":"wp","href":"https:\/\/api.w.org\/{rel}","templated":true}]}}