{"id":41420,"date":"2025-12-15T06:30:30","date_gmt":"2025-12-15T05:30:30","guid":{"rendered":"https:\/\/www.lintelligentdabidjan.info\/news\/?p=41420"},"modified":"2025-12-15T06:31:05","modified_gmt":"2025-12-15T05:31:05","slug":"legislatives-a-abobo-kader-abdul-cisse-mobilise-pour-tene-birahima-ouattara","status":"publish","type":"post","link":"https:\/\/www.lintelligentdabidjan.info\/news\/legislatives-a-abobo-kader-abdul-cisse-mobilise-pour-tene-birahima-ouattara\/","title":{"rendered":"L\u00e9gislatives \u00e0 Abobo :Kader Abdul Ciss\u00e9 mobilise pour\u00a0 T\u00e9n\u00e9 Birahima Ouattara"},"content":{"rendered":"<p><em><strong>La c\u00e9r\u00e9monie officielle de lancement du mouvement des Ambassadeurs pour T\u00e9n\u00e9 Birahima Ouattara (TBO) s\u2019est tenue le vendredi 12 d\u00e9cembre 2025 au Centre d\u2019action culturelle d\u2019Abobo. Plac\u00e9e sous la <a href=\"https:\/\/www.lintelligentdabidjan.info\/news\/legislatives-2025-la-liste-abobo-renaissance-en-contact-avec-des-populations\/\" target=\"_blank\" rel=\"noopener\">coordination nationale<\/a> de Kader Abdul Ciss\u00e9, cette initiative s\u2019inscrit dans la dynamique de mobilisation du RHDP en pr\u00e9lude aux \u00e9lections l\u00e9gislatives du 27 d\u00e9cembre 2025.<\/strong><\/em><\/p>\n<p>Repr\u00e9sentant la pr\u00e9sidente du S\u00e9nat et maire d\u2019Abobo, Kandia Camara, marraine de la c\u00e9r\u00e9monie, l\u2019honorable Brahima Ouattara a salu\u00e9 l\u2019initiative visant \u00e0 renforcer l\u2019ancrage local du parti. Selon lui, les ambassadeurs constituent une structure de proximit\u00e9, organis\u00e9e et efficace, charg\u00e9e d\u2019identifier dans chaque quartier des points focaux engag\u00e9s. Leur mission, sensibiliser les populations, accompagner les \u00e9lecteurs dans la compr\u00e9hension des enjeux et renforcer la coh\u00e9sion entre le terrain et les structures politiques. \u00ab Les ambassadeurs seront les relais, les hommes et les femmes de terrain, porteurs du message du RHDP qui rime avec paix, coh\u00e9sion et solidarit\u00e9 \u00bb, a-t-il dit. Avant lui,\u00a0le coordinateur national des ambassadeurs pour TBO, Kader Abdul Ciss\u00e9, membre du secr\u00e9tariat ex\u00e9cutif du RHDP ,\u00a0 a exprim\u00e9 sa gratitude envers les participants, tout en rappelant le r\u00f4le central des nouveaux ambassadeurs. Il a insist\u00e9 sur une campagne de proximit\u00e9 intensifi\u00e9e, de porte-\u00e0-porte et d\u2019accompagnement des \u00e9lecteurs. \u00ab Notre objectif, c\u2019est d\u2019aller dans les foyers, montrer comment voter, convaincre de l\u2019importance du vote. Le RHDP est un parti structur\u00e9, qui poss\u00e8de d\u00e9j\u00e0 ses bases et accomplit un travail exceptionnel. Nous, nous venons en renfort, en apportant un compl\u00e9ment \u00bb, a-t-il fait savoir. En outre, il a invit\u00e9 les ambassadeurs \u00e0 incarner discipline, loyaut\u00e9 et engagement et \u00e0 maintenir une collaboration \u00e9troite avec les responsables politiques locaux. Pour Kader Abdul Ciss\u00e9, la forte mobilisation attendue aux urnes le 27 d\u00e9cembre vise \u00e0 exprimer le soutien au chef de l\u2019\u00c9tat, Alassane Ouattara, ainsi qu\u2019\u00e0 la t\u00eate de liste du RHDP \u00e0 Abobo, T\u00e9n\u00e9 Birahima Ouattara. Quant \u00e0 Kon\u00e9 Yowa, coordonnatrice des Ambassadeurs pour TBO dans la commune d\u2019Abobo, elle a r\u00e9affirm\u00e9 <a href=\"https:\/\/web.facebook.com\/AKCofficiel\/?_rdc=1&amp;_rdr#\" target=\"_blank\" rel=\"noopener\">l\u2019engagement<\/a> de sa coordination \u00e0 \u0153uvrer pour une victoire du RHDP. \u00ab Nous allons travailler main dans la main pour une victoire \u00e9clatante aux \u00e9lections l\u00e9gislatives du 27 d\u00e9cembre 2025. Soutenir cette liste, c\u2019est soutenir la vision du RHDP \u00bb, a-t-elle indiqu\u00e9.<\/p>\n<p><strong>Mamadou Ouattara avec Ly Abdul\u00a0<\/strong><\/p>\n<p>&nbsp;<\/p>\n<p>&nbsp;<\/p>\n<p>&nbsp;<\/p>\n<p>&nbsp;<\/p>\n<p>&nbsp;<\/p>\n<p>&nbsp;<\/p>\n<p>&nbsp;<\/p>\n<p>&nbsp;<\/p>\n<p>&nbsp;<\/p>\n","protected":false},"excerpt":{"rendered":"<p>La c\u00e9r\u00e9monie officielle de lancement du mouvement des Ambassadeurs pour T\u00e9n\u00e9 Birahima Ouattara (TBO) s\u2019est tenue le vendredi 12 d\u00e9cembre 2025 au Centre d\u2019action culturelle d\u2019Abobo. Plac\u00e9e sous la coordination nationale de Kader Abdul Ciss\u00e9, cette initiative s\u2019inscrit dans la dynamique de mobilisation du RHDP en pr\u00e9lude aux \u00e9lections l\u00e9gislatives du 27 d\u00e9cembre 2025. Repr\u00e9sentant [&hellip;]<\/p>\n","protected":false},"author":4,"featured_media":41421,"comment_status":"closed","ping_status":"closed","sticky":false,"template":"","format":"standard","meta":{"_monsterinsights_skip_tracking":false,"_monsterinsights_sitenote_active":false,"_monsterinsights_sitenote_note":"","_monsterinsights_sitenote_category":0,"footnotes":""},"categories":[2,17],"tags":[295,6612,714,2951],"class_list":["post-41420","post","type-post","status-publish","format-standard","has-post-thumbnail","hentry","category-featured","category-politique","tag-abobo","tag-kader-abdul-cisse","tag-legislatives","tag-tene-birahima-ouattara"],"_links":{"self":[{"href":"https:\/\/www.lintelligentdabidjan.info\/news\/wp-json\/wp\/v2\/posts\/41420","targetHints":{"allow":["GET"]}}],"collection":[{"href":"https:\/\/www.lintelligentdabidjan.info\/news\/wp-json\/wp\/v2\/posts"}],"about":[{"href":"https:\/\/www.lintelligentdabidjan.info\/news\/wp-json\/wp\/v2\/types\/post"}],"author":[{"embeddable":true,"href":"https:\/\/www.lintelligentdabidjan.info\/news\/wp-json\/wp\/v2\/users\/4"}],"replies":[{"embeddable":true,"href":"https:\/\/www.lintelligentdabidjan.info\/news\/wp-json\/wp\/v2\/comments?post=41420"}],"version-history":[{"count":1,"href":"https:\/\/www.lintelligentdabidjan.info\/news\/wp-json\/wp\/v2\/posts\/41420\/revisions"}],"predecessor-version":[{"id":41422,"href":"https:\/\/www.lintelligentdabidjan.info\/news\/wp-json\/wp\/v2\/posts\/41420\/revisions\/41422"}],"wp:featuredmedia":[{"embeddable":true,"href":"https:\/\/www.lintelligentdabidjan.info\/news\/wp-json\/wp\/v2\/media\/41421"}],"wp:attachment":[{"href":"https:\/\/www.lintelligentdabidjan.info\/news\/wp-json\/wp\/v2\/media?parent=41420"}],"wp:term":[{"taxonomy":"category","embeddable":true,"href":"https:\/\/www.lintelligentdabidjan.info\/news\/wp-json\/wp\/v2\/categories?post=41420"},{"taxonomy":"post_tag","embeddable":true,"href":"https:\/\/www.lintelligentdabidjan.info\/news\/wp-json\/wp\/v2\/tags?post=41420"}],"curies":[{"name":"wp","href":"https:\/\/api.w.org\/{rel}","templated":true}]}}