{"id":41423,"date":"2025-12-15T06:36:11","date_gmt":"2025-12-15T05:36:11","guid":{"rendered":"https:\/\/www.lintelligentdabidjan.info\/news\/?p=41423"},"modified":"2025-12-15T06:36:19","modified_gmt":"2025-12-15T05:36:19","slug":"programme-eau-pour-tous-le-systeme-dalimentation-en-eau-potable-de-galebre-inaugure","status":"publish","type":"post","link":"https:\/\/www.lintelligentdabidjan.info\/news\/programme-eau-pour-tous-le-systeme-dalimentation-en-eau-potable-de-galebre-inaugure\/","title":{"rendered":"Programme \u201cEau pour Tous\u201d:  Le syst\u00e8me d\u2019alimentation en eau potable de Gal\u00e9br\u00e9 inaugur\u00e9"},"content":{"rendered":"<p><em><strong>Le syst\u00e8me d\u2019alimentation en <a href=\"https:\/\/www.lintelligentdabidjan.info\/news\/adduction-en-eau-potable-long-solid-action-soulage-les-populations-dakridou-lade\/\" target=\"_blank\" rel=\"noopener\">eau potable<\/a> de Gal\u00e9br\u00e9 inaugur\u00e9 dans le cadre du Programme \u201cEau pour Tous\u201d.\u00a0<\/strong><\/em><\/p>\n<p>Le vendredi 12 d\u00e9cembre 2025, dans le cadre du programme national \u00ab Eau pour Tous \u00bb pilot\u00e9 par le minist\u00e8re de l\u2019Hydraulique, de l\u2019Assainissement et de la Salubrit\u00e9, s\u2019est tenue la c\u00e9r\u00e9monie d\u2019inauguration du nouveau syst\u00e8me d\u2019alimentation en eau potable de la sous-pr\u00e9fecture de Gal\u00e9br\u00e9, dans le d\u00e9partement de Gagnoa . La manifestation, qui s\u2019est d\u00e9roul\u00e9e en pr\u00e9sence de plusieurs hautes autorit\u00e9s, marque une \u00e9tape majeure dans l\u2019am\u00e9lioration de l\u2019acc\u00e8s \u00e0 l\u2019eau potable et \u00e0 l\u2019assainissement dans les zones rurales du pays.<\/p>\n<p>Parmi les personnalit\u00e9s pr\u00e9sentes figuraient des repr\u00e9sentants du gouvernement et des institutions publiques. La ministre d\u2019\u00c9tat, ministre de la Fonction publique et de la Modernisation de l\u2019administration, Anne D\u00e9sir\u00e9e Ouloto-Lamizana, intervenant au nom du Premier ministre Robert Beugr\u00e9 Mamb\u00e9\u00a0 a salu\u00e9 l\u2019engagement des acteurs locaux et nationaux, exprim\u00e9 sa gratitude \u00e0 Dieu et souhait\u00e9 long\u00e9vit\u00e9 au Pr\u00e9sident de la R\u00e9publique, Alassane Ouattara, pour son \u00e9coute et sa proximit\u00e9 avec le peuple. Elle a \u00e9galement mis en lumi\u00e8re les efforts conjoints des ministres Bouak\u00e9 Fofana et Moussa Sanogo, dont l\u2019implication a permis l\u2019aboutissement de ce projet b\u00e9n\u00e9fique pour les familles de Gal\u00e9br\u00e9.<\/p>\n<p>Selon le ministre Bouak\u00e9 Fofana, le programme \u00ab Eau pour Tous \u00bb vise \u00e0 am\u00e9liorer durablement l\u2019acc\u00e8s \u00e0 l\u2019eau potable et \u00e0 l\u2019assainissement dans les zones rurales et d\u00e9favoris\u00e9es, afin de r\u00e9duire la p\u00e9nibilit\u00e9 de l\u2019approvisionnement en eau et d\u2019am\u00e9liorer les conditions de vie des populations. Le projet s\u2019inscrit dans la vision du gouvernement de renforcer la couverture nationale en eau potable et de consolider les acquis en mati\u00e8re d\u2019hygi\u00e8ne et de d\u00e9veloppement rural. Il a annonc\u00e9 la poursuite du d\u00e9ploiement du programme sur l\u2019ensemble du territoire national, tout en soulignant l\u2019importance des dons et contributions citoyennes, appel\u00e9s \u00e0 soutenir cette initiative dans un esprit de solidarit\u00e9 entre les autorit\u00e9s et les populations.<\/p>\n<p>Abondant dans le m\u00eame sens que Bouak\u00e9 Fofana,\u00a0 les ministres Moussa Sanogo du Patrimoine, du Portefeuille\u00a0 de l&#8217;Etat et des Entreprises publiques\u00a0 \u00a0et Belmonde Dogo de\u00a0 Coh\u00e9sion Nationale, de la Solidarit\u00e9 et de la Lutte contre la Pauvret\u00e9, ont rappel\u00e9\u00a0 les enjeux du programme et l\u2019impact attendu sur les <a href=\"https:\/\/www.linfodrome.com\/societe\/116539-cote-d-ivoire-l-eau-potable-desormais-disponible-dans-la-sous-prefecture-de-galebre\" target=\"_blank\" rel=\"noopener\">populations locales<\/a>. Un hommage appuy\u00e9 a \u00e9t\u00e9 rendu \u00e0 l\u2019ancien Premier ministre Amadou Gon Coulibaly, \u00e0 qui l\u2019\u00e9v\u00e9nement \u00e9tait \u00e9galement d\u00e9di\u00e9. Les intervenants ont rappel\u00e9 que, lors de sa visite le 30 juin 2018, il avait annonc\u00e9 des projets d\u2019eau potable en faveur des femmes de Gal\u00e9br\u00e9, des engagements qui se concr\u00e9tisent aujourd\u2019hui.<\/p>\n<p>&nbsp;<\/p>\n<p><strong>\u00a0Tour\u00e9 Abdoulaye<\/strong><\/p>\n<p>&nbsp;<\/p>\n<p>&nbsp;<\/p>\n","protected":false},"excerpt":{"rendered":"<p>Le syst\u00e8me d\u2019alimentation en eau potable de Gal\u00e9br\u00e9 inaugur\u00e9 dans le cadre du Programme \u201cEau pour Tous\u201d.\u00a0 Le vendredi 12 d\u00e9cembre 2025, dans le cadre du programme national \u00ab Eau pour Tous \u00bb pilot\u00e9 par le minist\u00e8re de l\u2019Hydraulique, de l\u2019Assainissement et de la Salubrit\u00e9, s\u2019est tenue la c\u00e9r\u00e9monie d\u2019inauguration du nouveau syst\u00e8me d\u2019alimentation en [&hellip;]<\/p>\n","protected":false},"author":4,"featured_media":41424,"comment_status":"closed","ping_status":"closed","sticky":false,"template":"","format":"standard","meta":{"_monsterinsights_skip_tracking":false,"_monsterinsights_sitenote_active":false,"_monsterinsights_sitenote_note":"","_monsterinsights_sitenote_category":0,"footnotes":""},"categories":[2,3],"tags":[522,6613,4418,6614,2918],"class_list":["post-41423","post","type-post","status-publish","format-standard","has-post-thumbnail","hentry","category-featured","category-societe","tag-eau-potable","tag-eau-pour-tous","tag-galebre","tag-le-systeme-dalimentation","tag-programme"],"_links":{"self":[{"href":"https:\/\/www.lintelligentdabidjan.info\/news\/wp-json\/wp\/v2\/posts\/41423","targetHints":{"allow":["GET"]}}],"collection":[{"href":"https:\/\/www.lintelligentdabidjan.info\/news\/wp-json\/wp\/v2\/posts"}],"about":[{"href":"https:\/\/www.lintelligentdabidjan.info\/news\/wp-json\/wp\/v2\/types\/post"}],"author":[{"embeddable":true,"href":"https:\/\/www.lintelligentdabidjan.info\/news\/wp-json\/wp\/v2\/users\/4"}],"replies":[{"embeddable":true,"href":"https:\/\/www.lintelligentdabidjan.info\/news\/wp-json\/wp\/v2\/comments?post=41423"}],"version-history":[{"count":1,"href":"https:\/\/www.lintelligentdabidjan.info\/news\/wp-json\/wp\/v2\/posts\/41423\/revisions"}],"predecessor-version":[{"id":41425,"href":"https:\/\/www.lintelligentdabidjan.info\/news\/wp-json\/wp\/v2\/posts\/41423\/revisions\/41425"}],"wp:featuredmedia":[{"embeddable":true,"href":"https:\/\/www.lintelligentdabidjan.info\/news\/wp-json\/wp\/v2\/media\/41424"}],"wp:attachment":[{"href":"https:\/\/www.lintelligentdabidjan.info\/news\/wp-json\/wp\/v2\/media?parent=41423"}],"wp:term":[{"taxonomy":"category","embeddable":true,"href":"https:\/\/www.lintelligentdabidjan.info\/news\/wp-json\/wp\/v2\/categories?post=41423"},{"taxonomy":"post_tag","embeddable":true,"href":"https:\/\/www.lintelligentdabidjan.info\/news\/wp-json\/wp\/v2\/tags?post=41423"}],"curies":[{"name":"wp","href":"https:\/\/api.w.org\/{rel}","templated":true}]}}