{"id":41432,"date":"2025-12-16T06:42:38","date_gmt":"2025-12-16T05:42:38","guid":{"rendered":"https:\/\/www.lintelligentdabidjan.info\/news\/?p=41432"},"modified":"2025-12-16T06:43:28","modified_gmt":"2025-12-16T05:43:28","slug":"legislatives-2025-a-abobo-le-mouvement-aide-presente-officiellement-ses-candidats","status":"publish","type":"post","link":"https:\/\/www.lintelligentdabidjan.info\/news\/legislatives-2025-a-abobo-le-mouvement-aide-presente-officiellement-ses-candidats\/","title":{"rendered":"L\u00e9gislatives 2025 \u00e0 Abobo : le mouvement AIDE pr\u00e9sente officiellement ses candidats"},"content":{"rendered":"<p><strong>Le mouvement politique Agir pour les Institutions et le D\u00e9veloppement (AIDE) a officiellement d\u00e9voil\u00e9, le samedi 13 d\u00e9cembre, ses candidats aux \u00e9lections l\u00e9gislatives pr\u00e9vues le 27 d\u00e9cembre 2025, dans la commune d\u2019Abobo. La c\u00e9r\u00e9monie s\u2019est tenue \u00e0 la salle de conf\u00e9rence de la Coopec d\u2019Abobo, en pr\u00e9sence de militants, de sympathisants et de plusieurs acteurs locaux.<\/strong><\/p>\n<p>Pr\u00e9sidant l\u2019\u00e9v\u00e9nement, Bamba Yacouba, pr\u00e9sident du mouvement AIDE et t\u00eate de liste pour la commune d\u2019Abobo, a indiqu\u00e9 la port\u00e9e symbolique et politique de cette investiture. Il a pr\u00e9sent\u00e9 les candidats comme des fils et filles d\u2019Abobo, proches des r\u00e9alit\u00e9s quotidiennes des populations et d\u00e9termin\u00e9s \u00e0 servir l\u2019int\u00e9r\u00eat g\u00e9n\u00e9ral.<\/p>\n<p>\u00ab Les candidats que nous pr\u00e9sentons aujourd\u2019hui ne sont pas de simples noms sur une liste. Ils connaissent vos r\u00e9alit\u00e9s, partagent vos aspirations et ont choisi de se mettre au service de notre commune et de notre nation \u00bb, a dit Bamba Yacouba. En outre, il a insist\u00e9 sur la vision du mouvement AIDE, fond\u00e9e sur le renforcement d\u2019institutions fortes, cr\u00e9dibles et respect\u00e9es, condition essentielle selon lui \u00e0 un d\u00e9veloppement durable et inclusif. Ensuite, le pr\u00e9sident du mouvement a d\u00e9clin\u00e9 les priorit\u00e9s des candidats AIDE pour Abobo, notamment un parlement plus proche des citoyens, la protection des droits et libert\u00e9s, la promotion de la bonne gouvernance, la lutte contre la corruption et le d\u00e9veloppement \u00e9conomique \u00e0 travers l\u2019\u00e9ducation, l\u2019innovation, l\u2019entrepreneuriat et l\u2019agriculture. Il a appel\u00e9 les \u00e9lecteurs \u00e0 faire de l\u2019\u00e9ch\u00e9ance du 27 d\u00e9cembre 2025 un choix historique entre l\u2019immobilisme et l\u2019action. Quant \u00e0 Ouattara, secr\u00e9taire g\u00e9n\u00e9ral du mouvement AIDE, il a rappel\u00e9 l\u2019ancrage citoyen de l\u2019organisation et ses actions de terrain depuis sa cr\u00e9ation. Il a \u00e9voqu\u00e9, entre autres, le soutien aux c\u00e9l\u00e9brations de la f\u00eate des m\u00e8res, l\u2019organisation de tournois de football pour la jeunesse et l\u2019accompagnement des associations f\u00e9minines \u00e0 travers des activit\u00e9s g\u00e9n\u00e9ratrices de revenus.<\/p>\n<p>\u00ab Ces initiatives traduisent notre approche, agir en proximit\u00e9, en compl\u00e9ment des institutions et en tenant compte des r\u00e9alit\u00e9s locales, notamment celles de la commune d\u2019Abobo \u00bb, a-t-il indiqu\u00e9.<\/p>\n<p>Zunon Toualy G\u00e9raldine Jos\u00e9e, porte-parole des candidats, a donn\u00e9 lecture de la Charte d\u2019engagement des candidats du mouvement politique AIDE d\u2019Abobo.<\/p>\n<p>\u00c0 travers ce document, les candidats ont pris l\u2019engagement de servir la nation avec loyaut\u00e9 et sens des responsabilit\u00e9s. Ils promettent de d\u00e9fendre les valeurs d\u2019int\u00e9grit\u00e9 et d\u2019\u00e9quit\u00e9 pr\u00f4n\u00e9es par le mouvement, d\u2019exercer leurs fonctions dans la transparence et de rejeter toute forme de corruption. La charte appelle \u00e9galement les candidats \u00e0 une mobilisation totale en vue d\u2019assurer la victoire du parti.<\/p>\n<p>La liste investie par AIDE pour la commune d\u2019Abobo est conduite par Bamba Yacouba et comprend Ouattara Wologo Oumar, Zunon Toualy G\u00e9raldine Jos\u00e9e, N\u2019Cho Edith Solange, Kouadio Kan Yves C\u00e9dric et Coulibaly N\u2019Golo, ainsi que leurs suppl\u00e9ants.<\/p>\n<p><strong>Mamadou Ouattara avec Ly Abdul\u00a0<\/strong><\/p>\n<p>&nbsp;<\/p>\n<p>&nbsp;<\/p>\n<p>&nbsp;<\/p>\n<p>&nbsp;<\/p>\n<p>&nbsp;<\/p>\n<p>&nbsp;<\/p>\n<p>&nbsp;<\/p>\n<p>&nbsp;<\/p>\n","protected":false},"excerpt":{"rendered":"<p>Le mouvement politique Agir pour les Institutions et le D\u00e9veloppement (AIDE) a officiellement d\u00e9voil\u00e9, le samedi 13 d\u00e9cembre, ses candidats aux \u00e9lections l\u00e9gislatives pr\u00e9vues le 27 d\u00e9cembre 2025, dans la commune d\u2019Abobo. La c\u00e9r\u00e9monie s\u2019est tenue \u00e0 la salle de conf\u00e9rence de la Coopec d\u2019Abobo, en pr\u00e9sence de militants, de sympathisants et de plusieurs acteurs [&hellip;]<\/p>\n","protected":false},"author":4,"featured_media":41433,"comment_status":"closed","ping_status":"closed","sticky":false,"template":"","format":"standard","meta":{"_monsterinsights_skip_tracking":false,"_monsterinsights_sitenote_active":false,"_monsterinsights_sitenote_note":"","_monsterinsights_sitenote_category":0,"footnotes":""},"categories":[2,17],"tags":[295,1672,6616,6371],"class_list":["post-41432","post","type-post","status-publish","format-standard","has-post-thumbnail","hentry","category-featured","category-politique","tag-abobo","tag-candidats","tag-le-mouvement-aide","tag-legislatives-2025"],"_links":{"self":[{"href":"https:\/\/www.lintelligentdabidjan.info\/news\/wp-json\/wp\/v2\/posts\/41432","targetHints":{"allow":["GET"]}}],"collection":[{"href":"https:\/\/www.lintelligentdabidjan.info\/news\/wp-json\/wp\/v2\/posts"}],"about":[{"href":"https:\/\/www.lintelligentdabidjan.info\/news\/wp-json\/wp\/v2\/types\/post"}],"author":[{"embeddable":true,"href":"https:\/\/www.lintelligentdabidjan.info\/news\/wp-json\/wp\/v2\/users\/4"}],"replies":[{"embeddable":true,"href":"https:\/\/www.lintelligentdabidjan.info\/news\/wp-json\/wp\/v2\/comments?post=41432"}],"version-history":[{"count":1,"href":"https:\/\/www.lintelligentdabidjan.info\/news\/wp-json\/wp\/v2\/posts\/41432\/revisions"}],"predecessor-version":[{"id":41434,"href":"https:\/\/www.lintelligentdabidjan.info\/news\/wp-json\/wp\/v2\/posts\/41432\/revisions\/41434"}],"wp:featuredmedia":[{"embeddable":true,"href":"https:\/\/www.lintelligentdabidjan.info\/news\/wp-json\/wp\/v2\/media\/41433"}],"wp:attachment":[{"href":"https:\/\/www.lintelligentdabidjan.info\/news\/wp-json\/wp\/v2\/media?parent=41432"}],"wp:term":[{"taxonomy":"category","embeddable":true,"href":"https:\/\/www.lintelligentdabidjan.info\/news\/wp-json\/wp\/v2\/categories?post=41432"},{"taxonomy":"post_tag","embeddable":true,"href":"https:\/\/www.lintelligentdabidjan.info\/news\/wp-json\/wp\/v2\/tags?post=41432"}],"curies":[{"name":"wp","href":"https:\/\/api.w.org\/{rel}","templated":true}]}}