{"id":41444,"date":"2025-12-17T06:26:20","date_gmt":"2025-12-17T05:26:20","guid":{"rendered":"https:\/\/www.lintelligentdabidjan.info\/news\/?p=41444"},"modified":"2025-12-17T06:26:37","modified_gmt":"2025-12-17T05:26:37","slug":"economie-circulaire-la-cote-divoire-mise-sur-le-recyclage-et-la-valorisation-des-dechets-pour-un-developpement-durable","status":"publish","type":"post","link":"https:\/\/www.lintelligentdabidjan.info\/news\/economie-circulaire-la-cote-divoire-mise-sur-le-recyclage-et-la-valorisation-des-dechets-pour-un-developpement-durable\/","title":{"rendered":"\u00c9conomie circulaire:  La\u00a0 C\u00f4te d\u2019Ivoire mise sur le recyclage et la valorisation des d\u00e9chets pour un d\u00e9veloppement durable"},"content":{"rendered":"<p><em><strong>La C\u00f4te d\u2019Ivoire souhaite faire de l\u2019\u00e9conomie circulaire un pilier de son d\u00e9veloppement durable, en misant sur une meilleure gestion des d\u00e9chets, la pr\u00e9servation des ressources naturelles et la<a href=\"https:\/\/www.lintelligentdabidjan.info\/news\/korhogo-ladci-engage-les-pme-industrielles-sur-la-voie-de-la-competitivite-et-de-la-modernisation\/\" target=\"_blank\" rel=\"noopener\"> cr\u00e9ation d\u2019emplois locaux<\/a>. Cette orientation a \u00e9t\u00e9 r\u00e9affirm\u00e9e le lundi 15 d\u00e9cembre 2025 par le ministre de l\u2019Environnement, du D\u00e9veloppement durable et de la Transition \u00e9cologique, Assahor\u00e9 Konan Jacques.<\/strong><\/em><\/p>\n<p>Le ministre s\u2019exprimait \u00e0 l\u2019occasion du lancement de la campagne nationale de promotion de l\u2019\u00e9conomie circulaire, d\u00e9nomm\u00e9e \u00ab Je suis circulaire, je trie, je recycle et je valorise \u00bb, organis\u00e9e \u00e0 l\u2019Espace Latrille Event, \u00e0 Abidjan-Cocody. Il a pr\u00e9sent\u00e9 ce mod\u00e8le \u00e9conomique comme une r\u00e9ponse aux d\u00e9fis environnementaux et \u00e9conomiques auxquels le pays est confront\u00e9. Selon lui, l\u2019\u00e9conomie circulaire vise \u00e0 r\u00e9duire la production de d\u00e9chets, optimiser l\u2019utilisation des ressources et limiter l\u2019impact environnemental des activit\u00e9s humaines, tout en favorisant l\u2019\u00e9mergence de nouvelles opportunit\u00e9s \u00e9conomiques. Ce mod\u00e8le, a-t-il soulign\u00e9, ouvre \u00e9galement des perspectives importantes en mati\u00e8re de cr\u00e9ation d\u2019emplois, \u00e0 travers le d\u00e9veloppement de fili\u00e8res de recyclage, de valorisation et de transformation des d\u00e9chets. Assahor\u00e9 Konan Jacques a, par ailleurs, invit\u00e9 les collectivit\u00e9s territoriales, le secteur priv\u00e9 et les citoyens \u00e0 s\u2019engager activement dans cette transition. Il a estim\u00e9 que l\u2019adoption de pratiques circulaires constitue un enjeu collectif, qui n\u00e9cessite l\u2019implication de l\u2019ensemble des acteurs. Intervenant \u00e9galement lors de cette c\u00e9r\u00e9monie, le directeur de l\u2019\u00c9conomie verte et de la Responsabilit\u00e9 soci\u00e9tale des organisations, Dr Gbocho Didier, a indiqu\u00e9 que la strat\u00e9gie nationale d\u2019\u00e9conomie circulaire repose sur plusieurs axes majeurs, notamment la r\u00e9duction des d\u00e9chets \u00e0 la source, l\u2019allongement de la dur\u00e9e de vie des produits et le d\u00e9veloppement des fili\u00e8res de valorisation sur l\u2019ensemble du territoire. Il a pr\u00e9cis\u00e9 que cette strat\u00e9gie pr\u00e9voit des mesures d\u2019accompagnement, incluant des incitations r\u00e9glementaires et fiscales, des programmes de formation destin\u00e9s aux collectivit\u00e9s territoriales et aux acteurs priv\u00e9s, ainsi que des m\u00e9canismes de financement pour soutenir les initiatives locales innovantes. Dans cette dynamique, six start-up engag\u00e9es dans la promotion de<a href=\"https:\/\/www.aip.ci\/292938\/cote-divoire-aip-le-gouvernement-mise-sur-la-reduction-des-dechets-et-la-creation-demplois-pour-soutenir-la-croissance-durable\/#:~:text=Abidjan%2C%2016%20d%C3%A9c%202025%20(AIP,ministre%20de%20l'Environnement%2C%20du\" target=\"_blank\" rel=\"noopener\"> l\u2019\u00e9conomie circulaire<\/a> ont b\u00e9n\u00e9fici\u00e9 d\u2019un appui financier du minist\u00e8re, pour un montant global de 30 millions de FCFA, traduisant la volont\u00e9 des autorit\u00e9s d\u2019encourager des projets concrets et op\u00e9rationnels dans ce secteur.<\/p>\n<p><strong>Moustapha Isma\u00efla<\/strong><\/p>\n<p>&nbsp;<\/p>\n<p>&nbsp;<\/p>\n<p>&nbsp;<\/p>\n<p>&nbsp;<\/p>\n","protected":false},"excerpt":{"rendered":"<p>La C\u00f4te d\u2019Ivoire souhaite faire de l\u2019\u00e9conomie circulaire un pilier de son d\u00e9veloppement durable, en misant sur une meilleure gestion des d\u00e9chets, la pr\u00e9servation des ressources naturelles et la cr\u00e9ation d\u2019emplois locaux. Cette orientation a \u00e9t\u00e9 r\u00e9affirm\u00e9e le lundi 15 d\u00e9cembre 2025 par le ministre de l\u2019Environnement, du D\u00e9veloppement durable et de la Transition \u00e9cologique, [&hellip;]<\/p>\n","protected":false},"author":4,"featured_media":41445,"comment_status":"closed","ping_status":"closed","sticky":false,"template":"","format":"standard","meta":{"_monsterinsights_skip_tracking":false,"_monsterinsights_sitenote_active":false,"_monsterinsights_sitenote_note":"","_monsterinsights_sitenote_category":0,"footnotes":""},"categories":[2,3],"tags":[77,3448,3809,6624,6625,3769],"class_list":["post-41444","post","type-post","status-publish","format-standard","has-post-thumbnail","hentry","category-featured","category-societe","tag-cote-divoire","tag-dechets","tag-developpement-durable","tag-economie-circulaire","tag-recyclage","tag-valorisation"],"_links":{"self":[{"href":"https:\/\/www.lintelligentdabidjan.info\/news\/wp-json\/wp\/v2\/posts\/41444","targetHints":{"allow":["GET"]}}],"collection":[{"href":"https:\/\/www.lintelligentdabidjan.info\/news\/wp-json\/wp\/v2\/posts"}],"about":[{"href":"https:\/\/www.lintelligentdabidjan.info\/news\/wp-json\/wp\/v2\/types\/post"}],"author":[{"embeddable":true,"href":"https:\/\/www.lintelligentdabidjan.info\/news\/wp-json\/wp\/v2\/users\/4"}],"replies":[{"embeddable":true,"href":"https:\/\/www.lintelligentdabidjan.info\/news\/wp-json\/wp\/v2\/comments?post=41444"}],"version-history":[{"count":1,"href":"https:\/\/www.lintelligentdabidjan.info\/news\/wp-json\/wp\/v2\/posts\/41444\/revisions"}],"predecessor-version":[{"id":41446,"href":"https:\/\/www.lintelligentdabidjan.info\/news\/wp-json\/wp\/v2\/posts\/41444\/revisions\/41446"}],"wp:featuredmedia":[{"embeddable":true,"href":"https:\/\/www.lintelligentdabidjan.info\/news\/wp-json\/wp\/v2\/media\/41445"}],"wp:attachment":[{"href":"https:\/\/www.lintelligentdabidjan.info\/news\/wp-json\/wp\/v2\/media?parent=41444"}],"wp:term":[{"taxonomy":"category","embeddable":true,"href":"https:\/\/www.lintelligentdabidjan.info\/news\/wp-json\/wp\/v2\/categories?post=41444"},{"taxonomy":"post_tag","embeddable":true,"href":"https:\/\/www.lintelligentdabidjan.info\/news\/wp-json\/wp\/v2\/tags?post=41444"}],"curies":[{"name":"wp","href":"https:\/\/api.w.org\/{rel}","templated":true}]}}