{"id":41447,"date":"2025-12-17T06:37:54","date_gmt":"2025-12-17T05:37:54","guid":{"rendered":"https:\/\/www.lintelligentdabidjan.info\/news\/?p=41447"},"modified":"2025-12-17T06:38:41","modified_gmt":"2025-12-17T05:38:41","slug":"entretien-hassane-abdoul-ganiyou-etudiant-ivoirien-a-lum6p-la-transition-energetique-est-un-enjeu-pour-accompagner-la-croissance-demographique-et-industrielle","status":"publish","type":"post","link":"https:\/\/www.lintelligentdabidjan.info\/news\/entretien-hassane-abdoul-ganiyou-etudiant-ivoirien-a-lum6p-la-transition-energetique-est-un-enjeu-pour-accompagner-la-croissance-demographique-et-industrielle\/","title":{"rendered":"Entretien- Hassane Abdoul-Ganiyou (\u00e9tudiant Ivoirien \u00e0 L\u2019UM6P) :  \u201cLa transition \u00e9nerg\u00e9tique est un enjeu pour accompagner la croissance d\u00e9mographique et industrielle\u201d"},"content":{"rendered":"<p><strong>De Sandegu\u00e9 \u00e0 Benguerir au Maroc , le parcours de Hassane Abdoul-Ganiyou cadre avec l\u2019ambition d\u2019une jeunesse africaine engag\u00e9e pour l\u2019innovation durable. \u00c9tudiant-chercheur \u00e0 l\u2019UM6P, il partage son exp\u00e9rience acad\u00e9mique, son immersion dans la recherche appliqu\u00e9e et sa volont\u00e9 de contribuer au d\u00e9veloppement \u00e9nerg\u00e9tique de la C\u00f4te d\u2019Ivoire et du continent.<\/strong><\/p>\n<p><strong>\u00a0Pouvez-vous vous pr\u00e9senter \u00e0 nos lecteurs ?<\/strong><\/p>\n<p>Je m\u2019appelle Hassane Abdoul-Ganiyou, ing\u00e9nieur de formation, originaire de Sandegu\u00e9, au nord-est de la C\u00f4te d\u2019Ivoire, dans la r\u00e9gion du Gontougo. Mon parcours est guid\u00e9 par un int\u00e9r\u00eat marqu\u00e9 pour les sciences des mat\u00e9riaux, l\u2019\u00e9nergie et le d\u00e9veloppement durable. J\u2019ai choisi de poursuivre ma formation \u00e0 l\u2019UM6P afin de consolider mes comp\u00e9tences scientifiques et technologiques et de contribuer, \u00e0 travers la recherche appliqu\u00e9e, aux grands d\u00e9fis \u00e9nerg\u00e9tiques et environnementaux du continent africain.<\/p>\n<p><strong>Quel a \u00e9t\u00e9 votre parcours acad\u00e9mique avant votre arriv\u00e9e \u00e0 l\u2019UM6P ?<\/strong><\/p>\n<p>Avant d\u2019int\u00e9grer l\u2019UM6P, j\u2019ai suivi un parcours d\u2019ing\u00e9nieur en sciences des mat\u00e9riaux et proc\u00e9d\u00e9s industriels \u00e0 l\u2019Universit\u00e9 Polytechnique de Man (UPM), C\u00f4te d\u2019Ivoire. Cette formation m\u2019a permis d\u2019acqu\u00e9rir une base solide en ing\u00e9nierie des mat\u00e9riaux, en proc\u00e9d\u00e9s industriels et en analyse des syst\u00e8mes, tout en d\u00e9veloppant une sensibilit\u00e9 particuli\u00e8re aux probl\u00e9matiques li\u00e9es \u00e0 la valorisation des ressources, \u00e0 l\u2019\u00e9nergie et \u00e0 l\u2019impact environnemental des activit\u00e9s industrielles.<\/p>\n<p><strong>Comment avez-vous d\u00e9couvert l\u2019UM6P ?<\/strong><\/p>\n<p>J\u2019ai d\u00e9couvert l\u2019UM6P gr\u00e2ce \u00e0 un devancier issu de l\u2019UPM, M. Kablan Vincent-Junior EBAH, r\u00e9cemment docteur apr\u00e8s avoir soutenu sa th\u00e8se le 22 novembre 2025. \u00c0 travers son parcours et son retour d\u2019exp\u00e9rience, j\u2019ai pu appr\u00e9hender les opportunit\u00e9s offertes par l\u2019UM6P, notamment en mati\u00e8re de recherche de haut niveau, d\u2019encadrement scientifique et d\u2019ouverture internationale. Son accompagnement tout au long du processus de candidature a \u00e9t\u00e9 d\u00e9terminant.<\/p>\n<p><strong>\u00a0Qu\u2019est-ce qui vous a convaincu de d\u00e9poser votre candidature \u00e0 l\u2019UM6P ?<\/strong><\/p>\n<p>Ce qui m\u2019a convaincu, c\u2019est avant tout la vision strat\u00e9gique de l\u2019UM6P, r\u00e9solument tourn\u00e9e vers l\u2019Afrique, son positionnement fort en recherche appliqu\u00e9e, ainsi que son engagement sur des th\u00e9matiques cl\u00e9s telles que la transition \u00e9nerg\u00e9tique, la durabilit\u00e9 industrielle et la d\u00e9carbonation des proc\u00e9d\u00e9s.<\/p>\n<p><strong>Comment s\u2019est d\u00e9roul\u00e9 le processus d\u2019admission ?<\/strong><\/p>\n<p>Le processus d\u2019admission s\u2019est d\u00e9roul\u00e9 de mani\u00e8re rigoureuse et structur\u00e9e, incluant l\u2019\u00e9tude du dossier acad\u00e9mique, l\u2019\u00e9valuation de la coh\u00e9rence du parcours, puis un entretien centr\u00e9 sur la motivation, le projet scientifique et professionnel, ainsi que l\u2019ad\u00e9quation avec les axes de recherche du d\u00e9partement.<\/p>\n<p><strong>Avez-vous b\u00e9n\u00e9fici\u00e9 d\u2019une bourse ou d\u2019un dispositif de soutien financier ?<\/strong><\/p>\n<p>Oui, je b\u00e9n\u00e9ficie d\u2019une bourse d\u2019\u00e9tudes, ce qui me permet de me consacrer pleinement \u00e0 mes travaux acad\u00e9miques et de recherche dans des conditions optimales.<\/p>\n<p><strong>Comment avez-vous v\u00e9cu votre arriv\u00e9e sur le campus de Benguerir ?<\/strong><\/p>\n<p>Mon arriv\u00e9e sur le campus de Benguerir a \u00e9t\u00e9 particuli\u00e8rement positive. La pr\u00e9sence d\u2019une communaut\u00e9 ivoirienne active a facilit\u00e9 mon int\u00e9gration. J\u2019ai \u00e9t\u00e9 tr\u00e8s impressionn\u00e9 par la qualit\u00e9 des infrastructures, l\u2019organisation du campus et l\u2019environnement intellectuel stimulant, favorable \u00e0 la recherche, \u00e0 l\u2019innovation et \u00e0 l\u2019excellence acad\u00e9mique.<\/p>\n<p><strong>\u00a0Avez-vous rencontr\u00e9 des difficult\u00e9s d\u2019adaptation ?<\/strong><\/p>\n<p>Comme dans tout environnement acad\u00e9mique exigeant, une phase d\u2019adaptation a \u00e9t\u00e9 n\u00e9cessaire, notamment en ce qui concerne le rythme de travail et le niveau d\u2019exigence scientifique. Toutefois, l\u2019encadrement du d\u00e9partement, la disponibilit\u00e9 des encadrants et le soutien des compatriotes ont grandement facilit\u00e9 cette transition.<\/p>\n<p><strong>Quelles dispositions l\u2019UM6P met-elle en place pour accompagner les \u00e9tudiants africains ?<\/strong><\/p>\n<p>L\u2019UM6P d\u00e9ploie plusieurs m\u00e9canismes d\u2019accompagnement : programmes d\u2019int\u00e9gration, encadrement acad\u00e9mique rapproch\u00e9, soutien administratif, acc\u00e8s \u00e0 des plateformes exp\u00e9rimentales de pointe, et un environnement multiculturel favorisant le partage des savoirs et la collaboration.<\/p>\n<p><strong>Quelle fili\u00e8re suivez-vous actuellement et pourquoi ce choix ?<\/strong><\/p>\n<p>Je suis actuellement engag\u00e9 dans une formation sp\u00e9cialis\u00e9e dans la valorisation des r\u00e9sidus industriels et les technologies de capture et de stockage du CO\u2082, avec une forte orientation en recherche appliqu\u00e9e. Ce choix s\u2019inscrit dans une logique de d\u00e9carbonation des proc\u00e9d\u00e9s industriels, visant \u00e0 transformer les d\u00e9chets en ressources \u00e0 valeur ajout\u00e9e et \u00e0 proposer des solutions technologiques adapt\u00e9es aux r\u00e9alit\u00e9s industrielles africaines.<\/p>\n<p><strong>\u00a0En quoi la p\u00e9dagogie de l\u2019UM6P diff\u00e8re-t-elle de ce que vous connaissiez auparavant ?<\/strong><\/p>\n<p>La p\u00e9dagogie de l\u2019UM6P repose sur une approche \u2018\u2019 learning by doing\u2019\u2019, fortement ax\u00e9e sur les projets, l\u2019exp\u00e9rimentation, l\u2019interdisciplinarit\u00e9 et la r\u00e9solution de probl\u00e9matiques r\u00e9elles, ce qui favorise une mont\u00e9e en comp\u00e9tences rapide et une compr\u00e9hension approfondie des enjeux industriels et scientifiques.<\/p>\n<p><strong>Quelle place occupent les laboratoires et la recherche dans votre formation ?<\/strong><\/p>\n<p>Les laboratoires occupent une place centrale. Ils constituent le c\u0153ur du dispositif de formation, permettant de valider exp\u00e9rimentalement les concepts th\u00e9oriques, de d\u00e9velopper une rigueur scientifique et de travailler sur des probl\u00e9matiques concr\u00e8tes li\u00e9es \u00e0 l\u2019\u00e9nergie, aux mat\u00e9riaux et \u00e0 l\u2019environnement.<\/p>\n<p><strong>Pouvez-vous nous parler d\u2019un projet ou d\u2019une exp\u00e9rience marquante ?<\/strong><\/p>\n<p>Un projet particuli\u00e8rement marquant concerne mes travaux sur la valorisation de sous-produits industriels, int\u00e9grant des approches exp\u00e9rimentales avanc\u00e9es, l\u2019analyse des performances des mat\u00e9riaux et l\u2019\u00e9valuation de leur impact industriel et environnemental.<\/p>\n<p><strong>Travaillez-vous sur des probl\u00e9matiques li\u00e9es aux \u00e9nergies renouvelables ?<\/strong><\/p>\n<p>Oui, mes travaux s\u2019inscrivent \u00e0 l\u2019interface des \u00e9nergies renouvelables, de l\u2019efficacit\u00e9 \u00e9nerg\u00e9tique et de la durabilit\u00e9 des proc\u00e9d\u00e9s industriels, avec une attention particuli\u00e8re port\u00e9e \u00e0 leur applicabilit\u00e9 dans les contextes africains.<\/p>\n<p><strong>\u00a0Pourquoi la transition \u00e9nerg\u00e9tique est-elle un enjeu majeur pour la C\u00f4te d\u2019Ivoire et l\u2019Afrique ?<\/strong><\/p>\n<p>La transition \u00e9nerg\u00e9tique est un enjeu strat\u00e9gique majeur pour accompagner la croissance d\u00e9mographique et industrielle, am\u00e9liorer l\u2019acc\u00e8s \u00e0 une \u00e9nergie fiable, r\u00e9duire l\u2019empreinte carbone et soutenir un d\u00e9veloppement \u00e9conomique durable et inclusif.<\/p>\n<p><strong>\u00a0Les solutions d\u00e9velopp\u00e9es \u00e0 l\u2019UM6P peuvent-elles \u00eatre transpos\u00e9es en Afrique de l\u2019Ouest ?<\/strong><\/p>\n<p>Absolument. L\u2019UM6P d\u00e9veloppe des solutions contextualis\u00e9es, robustes et \u00e9conomiquement viables, con\u00e7ues pour \u00eatre transf\u00e9rables et adapt\u00e9es aux r\u00e9alit\u00e9s climatiques, industrielles et socio-\u00e9conomiques de l\u2019Afrique de l\u2019Ouest.<\/p>\n<p><strong>Comment d\u00e9cririez-vous l\u2019UM6P \u00e0 quelqu\u2019un qui ne la conna\u00eet pas ?<\/strong><\/p>\n<p>Je d\u00e9crirais l\u2019UM6P comme une universit\u00e9 de recherche de rang international, profond\u00e9ment ancr\u00e9e dans les r\u00e9alit\u00e9s africaines, alliant excellence acad\u00e9mique, innovation technologique et impact socio-\u00e9conomique.<\/p>\n<p><strong>\u00a0Qu\u2019est-ce qui vous a le plus marqu\u00e9 depuis votre arriv\u00e9e ?<\/strong><\/p>\n<p>Ce qui m\u2019a le plus marqu\u00e9, c\u2019est la vision strat\u00e9gique \u00e0 long terme, la qualit\u00e9 de l\u2019encadrement scientifique et la proximit\u00e9 entre \u00e9tudiants, enseignants et chercheurs.<\/p>\n<p><strong>Y a-t-il des aspects qui pourraient \u00eatre am\u00e9lior\u00e9s ?<\/strong><\/p>\n<p>Comme toute institution en \u00e9volution, certains aspects peuvent \u00eatre renforc\u00e9s, notamment la connexion avec le tissu industriel africain et la valorisation \u00e0 grande \u00e9chelle des r\u00e9sultats de recherche.<\/p>\n<p><strong>Selon vous, quel r\u00f4le joue l\u2019UM6P dans la strat\u00e9gie \u00e9nerg\u00e9tique africaine ?<\/strong><\/p>\n<p>L\u2019UM6P joue un r\u00f4le structurant en tant que p\u00f4le de formation, de recherche et d\u2019innovation, capable de produire des solutions \u00e9nerg\u00e9tiques durables et adapt\u00e9es aux besoins sp\u00e9cifiques du continent.<\/p>\n<p><strong>\u00a0Quels sont vos objectifs professionnels \u00e0 court et long terme ?<\/strong><\/p>\n<p>\u00c0 court terme, je souhaite approfondir mes comp\u00e9tences en recherche scientifique et ing\u00e9nierie avanc\u00e9e.<\/p>\n<p>\u00c0 long terme, mon ambition est de contribuer activement au d\u00e9veloppement \u00e9nerg\u00e9tique et industriel de la C\u00f4te d\u2019Ivoire, \u00e0 travers des projets \u00e0 fort impact technologique et environnemental.<\/p>\n<p><strong>Envisagez-vous de retourner en C\u00f4te d\u2019Ivoire apr\u00e8s vos \u00e9tudes ? Pourquoi ?<\/strong><\/p>\n<p>Oui, sans h\u00e9sitation. Mon objectif est de mettre mes comp\u00e9tences et mon expertise au service de mon pays, afin d\u2019accompagner la transition \u00e9nerg\u00e9tique et industrielle locale.<\/p>\n<p><strong>\u00a0Comment comptez-vous mettre vos comp\u00e9tences au service de votre pays ?<\/strong><\/p>\n<p>\u00c0 travers la recherche appliqu\u00e9e, le transfert de technologies, l\u2019appui aux industries locales et la participation \u00e0 des projets structurants dans les domaines de l\u2019\u00e9nergie et de l\u2019environnement.<\/p>\n<p><strong>Quel message adresseriez-vous aux jeunes Ivoiriens ?<\/strong><\/p>\n<p>Je leur dirais que les sciences, l\u2019ing\u00e9nierie et l\u2019\u00e9nergie sont des leviers majeurs de transformation, et qu\u2019avec rigueur, engagement et pers\u00e9v\u00e9rance, ils peuvent devenir des acteurs cl\u00e9s du d\u00e9veloppement de la C\u00f4te d\u2019Ivoire et de l\u2019Afrique.<\/p>\n<p><strong>\u00a0En une phrase, que repr\u00e9sente aujourd\u2019hui l\u2019UM6P dans votre parcours personnel ?<\/strong><\/p>\n<p>L\u2019UM6P repr\u00e9sente un point d\u2019inflexion majeur, o\u00f9 excellence scientifique, innovation et engagement africain convergent.<\/p>\n<p><strong>R\u00e9alis\u00e9 par Ange Kouadio \u00e0 Benguerir\u00a0<\/strong><\/p>\n<p>&nbsp;<\/p>\n<p>&nbsp;<\/p>\n<p>&nbsp;<\/p>\n<p>&nbsp;<\/p>\n","protected":false},"excerpt":{"rendered":"<p>De Sandegu\u00e9 \u00e0 Benguerir au Maroc , le parcours de Hassane Abdoul-Ganiyou cadre avec l\u2019ambition d\u2019une jeunesse africaine engag\u00e9e pour l\u2019innovation durable. \u00c9tudiant-chercheur \u00e0 l\u2019UM6P, il partage son exp\u00e9rience acad\u00e9mique, son immersion dans la recherche appliqu\u00e9e et sa volont\u00e9 de contribuer au d\u00e9veloppement \u00e9nerg\u00e9tique de la C\u00f4te d\u2019Ivoire et du continent. \u00a0Pouvez-vous vous pr\u00e9senter \u00e0 [&hellip;]<\/p>\n","protected":false},"author":4,"featured_media":41448,"comment_status":"closed","ping_status":"closed","sticky":false,"template":"","format":"standard","meta":{"_monsterinsights_skip_tracking":false,"_monsterinsights_sitenote_active":false,"_monsterinsights_sitenote_note":"","_monsterinsights_sitenote_category":0,"footnotes":""},"categories":[2,3],"tags":[6631,5521,6627,6626,6632,6628,6629,6630],"class_list":["post-41447","post","type-post","status-publish","format-standard","has-post-thumbnail","hentry","category-featured","category-societe","tag-croissance-demographique","tag-entretien","tag-etudiant-ivoirien","tag-hassane-abdoul-ganiyou","tag-industrielle","tag-lum6p","tag-la-transition-energetique","tag-un-enjeu"],"_links":{"self":[{"href":"https:\/\/www.lintelligentdabidjan.info\/news\/wp-json\/wp\/v2\/posts\/41447","targetHints":{"allow":["GET"]}}],"collection":[{"href":"https:\/\/www.lintelligentdabidjan.info\/news\/wp-json\/wp\/v2\/posts"}],"about":[{"href":"https:\/\/www.lintelligentdabidjan.info\/news\/wp-json\/wp\/v2\/types\/post"}],"author":[{"embeddable":true,"href":"https:\/\/www.lintelligentdabidjan.info\/news\/wp-json\/wp\/v2\/users\/4"}],"replies":[{"embeddable":true,"href":"https:\/\/www.lintelligentdabidjan.info\/news\/wp-json\/wp\/v2\/comments?post=41447"}],"version-history":[{"count":1,"href":"https:\/\/www.lintelligentdabidjan.info\/news\/wp-json\/wp\/v2\/posts\/41447\/revisions"}],"predecessor-version":[{"id":41449,"href":"https:\/\/www.lintelligentdabidjan.info\/news\/wp-json\/wp\/v2\/posts\/41447\/revisions\/41449"}],"wp:featuredmedia":[{"embeddable":true,"href":"https:\/\/www.lintelligentdabidjan.info\/news\/wp-json\/wp\/v2\/media\/41448"}],"wp:attachment":[{"href":"https:\/\/www.lintelligentdabidjan.info\/news\/wp-json\/wp\/v2\/media?parent=41447"}],"wp:term":[{"taxonomy":"category","embeddable":true,"href":"https:\/\/www.lintelligentdabidjan.info\/news\/wp-json\/wp\/v2\/categories?post=41447"},{"taxonomy":"post_tag","embeddable":true,"href":"https:\/\/www.lintelligentdabidjan.info\/news\/wp-json\/wp\/v2\/tags?post=41447"}],"curies":[{"name":"wp","href":"https:\/\/api.w.org\/{rel}","templated":true}]}}