{"id":41459,"date":"2025-12-18T06:42:01","date_gmt":"2025-12-18T05:42:01","guid":{"rendered":"https:\/\/www.lintelligentdabidjan.info\/news\/?p=41459"},"modified":"2025-12-18T06:42:23","modified_gmt":"2025-12-18T05:42:23","slug":"conseil-regionale-du-haut-sassandra-le-ceser-valide-le-budget-primitif-2026-de-9288-milliards-f-cfa","status":"publish","type":"post","link":"https:\/\/www.lintelligentdabidjan.info\/news\/conseil-regionale-du-haut-sassandra-le-ceser-valide-le-budget-primitif-2026-de-9288-milliards-f-cfa\/","title":{"rendered":"Conseil r\u00e9gionale du Haut-Sassandra:  Le CESER\u00a0 \u00a0valide le Budget primitif 2026\u00a0 \u00a0de\u00a0 \u00a09,288 Milliards F CFA\u00a0\u00a0"},"content":{"rendered":"<p><em><strong>\u00a0Le vendredi 12 d\u00e9cembre 2025, le Comit\u00e9 \u00e9conomique, social, environnemental et r\u00e9gional (<a href=\"https:\/\/www.lintelligentdabidjan.info\/news\/compte-administratif-du-haut-sassandra-mamadou-toure-obtient-le-quitus-du-ceser\/\" target=\"_blank\" rel=\"noopener\">CESER<\/a>) du Haut-Sassandra a tenu sa derni\u00e8re session de l\u2019ann\u00e9e, sous la pr\u00e9sidence de M. Louis Yves Zogbo. Cette rencontre a marqu\u00e9 une \u00e9tape d\u00e9cisive pour l\u2019avenir de la r\u00e9gion.<\/strong><\/em><\/p>\n<p>Tenue dans un climat qualifi\u00e9 de constructif, la session a \u00e9t\u00e9 sanctionn\u00e9e par l\u2019adoption \u00e0 l\u2019unanimit\u00e9 du budget primitif 2026 du Conseil r\u00e9gional, arr\u00eat\u00e9 \u00e0 9 288 110 000 francs CFA.<\/p>\n<p>Ce budget ambitieux refl\u00e8te la volont\u00e9 du Conseil R\u00e9gional, sous l&#8217;impulsion du Ministre Mamadou Tour\u00e9, son Pr\u00e9sident, de doter la r\u00e9gion des moyens n\u00e9cessaires \u00e0 son d\u00e9veloppement harmonieux et \u00e0 l&#8217;am\u00e9lioration concr\u00e8te des conditions de vie des populations.<\/p>\n<p>La r\u00e9partition des cr\u00e9dits t\u00e9moigne de cette orientation r\u00e9solument tourn\u00e9e vers l&#8217;action :<\/p>\n<p>&#8211; Investissements et Projets Structurants : 7 807 759 000 F CFA<\/p>\n<p>&#8211; Budget de Fonctionnement : 1 480 360 000 F CFA<\/p>\n<p>Le Pr\u00e9sident du CESER, M. Louis Yves Zogbo , a soulign\u00e9 que ce &#8220;budget colossal est le reflet de la volont\u00e9 de doter la r\u00e9gion des moyens n\u00e9cessaires pour son d\u00e9veloppement harmonieux et durable.&#8221;<\/p>\n<h2><strong>Redynamisation du CESER et perspectives d&#8217;avenir<\/strong><\/h2>\n<p>Au-del\u00e0 du vote budg\u00e9taire, la session a \u00e9t\u00e9 l&#8217;occasion d&#8217;adopter des mesures visant \u00e0 renforcer l&#8217;efficacit\u00e9 de l&#8217;institution consultative. Il s\u2019agit notamment de la cr\u00e9ation d&#8217;une Cellule interne de r\u00e9flexion pour faire du CESER un &#8220;v\u00e9ritable laboratoire d\u2019id\u00e9es&#8221;, du remplacement des membres en situation d&#8217;absences r\u00e9guli\u00e8res et l\u2019adoption du cadre organique des emplois 2026 pr\u00e9voyant 67 postes.<\/p>\n<p>Les membres ont \u00e9galement abord\u00e9 des sujets importants , notamment le projet de sensibilisation contre la prolif\u00e9ration des armes l\u00e9g\u00e8res et l\u2019obtention d\u2019un local d\u00e9di\u00e9 au CESER au sein de la nouvelle mairie.<\/p>\n<p>Cl\u00f4turant les travaux dans un esprit de &#8220;coh\u00e9sion et de fraternit\u00e9&#8221;, le pr\u00e9sident\u00a0 \u00a0Zogbo a r\u00e9affirm\u00e9<a href=\"https:\/\/linfoexpress.com\/haut-sassandra-le-ceser-valide-le-budget-primitif-2026-de-9288-milliards-f-cfa\/\" target=\"_blank\" rel=\"noopener\"> l&#8217;engagement du CESER<\/a> \u00e0 \u0153uvrer pour que le Conseil R\u00e9gional du Haut-Sassandra traduise concr\u00e8tement ces d\u00e9cisions budg\u00e9taires en actions b\u00e9n\u00e9fiques pour l\u2019ensemble des Haut-Sassandriens.<\/p>\n<p><strong>Mamadou Ouattara avec L. Abdul<\/strong><\/p>\n<p>&nbsp;<\/p>\n<p>&nbsp;<\/p>\n<p>&nbsp;<\/p>\n<p>&nbsp;<\/p>\n","protected":false},"excerpt":{"rendered":"<p>\u00a0Le vendredi 12 d\u00e9cembre 2025, le Comit\u00e9 \u00e9conomique, social, environnemental et r\u00e9gional (CESER) du Haut-Sassandra a tenu sa derni\u00e8re session de l\u2019ann\u00e9e, sous la pr\u00e9sidence de M. Louis Yves Zogbo. Cette rencontre a marqu\u00e9 une \u00e9tape d\u00e9cisive pour l\u2019avenir de la r\u00e9gion. Tenue dans un climat qualifi\u00e9 de constructif, la session a \u00e9t\u00e9 sanctionn\u00e9e par [&hellip;]<\/p>\n","protected":false},"author":4,"featured_media":41460,"comment_status":"closed","ping_status":"closed","sticky":false,"template":"","format":"standard","meta":{"_monsterinsights_skip_tracking":false,"_monsterinsights_sitenote_active":false,"_monsterinsights_sitenote_note":"","_monsterinsights_sitenote_category":0,"footnotes":""},"categories":[2,17],"tags":[],"class_list":["post-41459","post","type-post","status-publish","format-standard","has-post-thumbnail","hentry","category-featured","category-politique"],"_links":{"self":[{"href":"https:\/\/www.lintelligentdabidjan.info\/news\/wp-json\/wp\/v2\/posts\/41459","targetHints":{"allow":["GET"]}}],"collection":[{"href":"https:\/\/www.lintelligentdabidjan.info\/news\/wp-json\/wp\/v2\/posts"}],"about":[{"href":"https:\/\/www.lintelligentdabidjan.info\/news\/wp-json\/wp\/v2\/types\/post"}],"author":[{"embeddable":true,"href":"https:\/\/www.lintelligentdabidjan.info\/news\/wp-json\/wp\/v2\/users\/4"}],"replies":[{"embeddable":true,"href":"https:\/\/www.lintelligentdabidjan.info\/news\/wp-json\/wp\/v2\/comments?post=41459"}],"version-history":[{"count":1,"href":"https:\/\/www.lintelligentdabidjan.info\/news\/wp-json\/wp\/v2\/posts\/41459\/revisions"}],"predecessor-version":[{"id":41461,"href":"https:\/\/www.lintelligentdabidjan.info\/news\/wp-json\/wp\/v2\/posts\/41459\/revisions\/41461"}],"wp:featuredmedia":[{"embeddable":true,"href":"https:\/\/www.lintelligentdabidjan.info\/news\/wp-json\/wp\/v2\/media\/41460"}],"wp:attachment":[{"href":"https:\/\/www.lintelligentdabidjan.info\/news\/wp-json\/wp\/v2\/media?parent=41459"}],"wp:term":[{"taxonomy":"category","embeddable":true,"href":"https:\/\/www.lintelligentdabidjan.info\/news\/wp-json\/wp\/v2\/categories?post=41459"},{"taxonomy":"post_tag","embeddable":true,"href":"https:\/\/www.lintelligentdabidjan.info\/news\/wp-json\/wp\/v2\/tags?post=41459"}],"curies":[{"name":"wp","href":"https:\/\/api.w.org\/{rel}","templated":true}]}}