{"id":41475,"date":"2025-12-19T06:48:56","date_gmt":"2025-12-19T05:48:56","guid":{"rendered":"https:\/\/www.lintelligentdabidjan.info\/news\/?p=41475"},"modified":"2025-12-19T06:49:02","modified_gmt":"2025-12-19T05:49:02","slug":"gendarmerie-nationale-2-300-agents-et-personnalites-civiles-distingues","status":"publish","type":"post","link":"https:\/\/www.lintelligentdabidjan.info\/news\/gendarmerie-nationale-2-300-agents-et-personnalites-civiles-distingues\/","title":{"rendered":"Gendarmerie nationale:  2 300 agents et personnalit\u00e9s civiles distingu\u00e9s"},"content":{"rendered":"<p><strong>La gendarmerie nationale a honor\u00e9 ses personnels et <a href=\"https:\/\/www.lintelligentdabidjan.info\/news\/liberation-de-51-prisonniers-civils-et-militaires-epr-salue-le-geste-du-president-ouattara\/\" target=\"_blank\" rel=\"noopener\">des civils<\/a> pour leur engagement au service de la nation.<\/strong><\/p>\n<p>La c\u00e9r\u00e9monie de d\u00e9coration de la gendarmerie nationale s\u2019est tenue le mercredi 17 d\u00e9cembre 2025 \u00e0 l\u2019\u00c9cole de gendarmerie d\u2019Abidjan. \u00c0 cette occasion, 2 300 gendarmes en activit\u00e9 ou admis \u00e0 la retraite, ainsi que plusieurs personnalit\u00e9s civiles, ont \u00e9t\u00e9 distingu\u00e9s pour la qualit\u00e9 de leurs services.<\/p>\n<p>Parmi les r\u00e9cipiendaires figuraient 2 265 gendarmes, dont 331 officiers et 1 748 sous-officiers, 186 retrait\u00e9s, neuf aum\u00f4niers et 62 personnels civils. Les distinctions ont \u00e9t\u00e9 d\u00e9cern\u00e9es sous l\u2019autorit\u00e9 du Commandement sup\u00e9rieur de la gendarmerie nationale, avec l\u2019aval du ministre d\u2019\u00c9tat, ministre de la D\u00e9fense.<\/p>\n<blockquote><p>ces distinctions constituent un encouragement \u00e0 poursuivre les efforts au service de la nation<\/p><\/blockquote>\n<p>&nbsp;<\/p>\n<p>S\u2019exprimant au nom des d\u00e9cor\u00e9s, le colonel-major Atta Bossian a traduit la reconnaissance des b\u00e9n\u00e9ficiaires, soulignant que ces distinctions constituent un encouragement \u00e0 poursuivre les efforts au service de la nation.<\/p>\n<p>Le g\u00e9n\u00e9ral de corps d\u2019arm\u00e9e Alexandre Apalo Tour\u00e9 a, pour sa part, r\u00e9affirm\u00e9 son engagement en faveur de l\u2019excellence, du m\u00e9rite et de la pr\u00e9servation de l\u2019image de<a href=\"https:\/\/www.aip.ci\/294406\/cote-divoire-aip-2-300-gendarmes-et-personnalites-civiles-decores-pour-leur-exemplarite\/\" target=\"_blank\" rel=\"noopener\"> la gendarmerie nationale<\/a>, exhortant les personnels \u00e0 demeurer des mod\u00e8les de loyaut\u00e9 et de professionnalisme.<\/p>\n<p><strong>Moustapha Ismaila<\/strong><\/p>\n<p>&nbsp;<\/p>\n<p>&nbsp;<\/p>\n<p>&nbsp;<\/p>\n<p>&nbsp;<\/p>\n<p>&nbsp;<\/p>\n<p>&nbsp;<\/p>\n","protected":false},"excerpt":{"rendered":"<p>La gendarmerie nationale a honor\u00e9 ses personnels et des civils pour leur engagement au service de la nation. La c\u00e9r\u00e9monie de d\u00e9coration de la gendarmerie nationale s\u2019est tenue le mercredi 17 d\u00e9cembre 2025 \u00e0 l\u2019\u00c9cole de gendarmerie d\u2019Abidjan. \u00c0 cette occasion, 2 300 gendarmes en activit\u00e9 ou admis \u00e0 la retraite, ainsi que plusieurs personnalit\u00e9s [&hellip;]<\/p>\n","protected":false},"author":4,"featured_media":41476,"comment_status":"closed","ping_status":"closed","sticky":false,"template":"","format":"standard","meta":{"_monsterinsights_skip_tracking":false,"_monsterinsights_sitenote_active":false,"_monsterinsights_sitenote_note":"","_monsterinsights_sitenote_category":0,"footnotes":""},"categories":[2,3],"tags":[1229,2897,6641],"class_list":["post-41475","post","type-post","status-publish","format-standard","has-post-thumbnail","hentry","category-featured","category-societe","tag-agents","tag-gendarmerie-nationale","tag-personnalites-civiles-distingues"],"_links":{"self":[{"href":"https:\/\/www.lintelligentdabidjan.info\/news\/wp-json\/wp\/v2\/posts\/41475","targetHints":{"allow":["GET"]}}],"collection":[{"href":"https:\/\/www.lintelligentdabidjan.info\/news\/wp-json\/wp\/v2\/posts"}],"about":[{"href":"https:\/\/www.lintelligentdabidjan.info\/news\/wp-json\/wp\/v2\/types\/post"}],"author":[{"embeddable":true,"href":"https:\/\/www.lintelligentdabidjan.info\/news\/wp-json\/wp\/v2\/users\/4"}],"replies":[{"embeddable":true,"href":"https:\/\/www.lintelligentdabidjan.info\/news\/wp-json\/wp\/v2\/comments?post=41475"}],"version-history":[{"count":1,"href":"https:\/\/www.lintelligentdabidjan.info\/news\/wp-json\/wp\/v2\/posts\/41475\/revisions"}],"predecessor-version":[{"id":41477,"href":"https:\/\/www.lintelligentdabidjan.info\/news\/wp-json\/wp\/v2\/posts\/41475\/revisions\/41477"}],"wp:featuredmedia":[{"embeddable":true,"href":"https:\/\/www.lintelligentdabidjan.info\/news\/wp-json\/wp\/v2\/media\/41476"}],"wp:attachment":[{"href":"https:\/\/www.lintelligentdabidjan.info\/news\/wp-json\/wp\/v2\/media?parent=41475"}],"wp:term":[{"taxonomy":"category","embeddable":true,"href":"https:\/\/www.lintelligentdabidjan.info\/news\/wp-json\/wp\/v2\/categories?post=41475"},{"taxonomy":"post_tag","embeddable":true,"href":"https:\/\/www.lintelligentdabidjan.info\/news\/wp-json\/wp\/v2\/tags?post=41475"}],"curies":[{"name":"wp","href":"https:\/\/api.w.org\/{rel}","templated":true}]}}