{"id":41481,"date":"2025-12-19T07:02:40","date_gmt":"2025-12-19T06:02:40","guid":{"rendered":"https:\/\/www.lintelligentdabidjan.info\/news\/?p=41481"},"modified":"2025-12-19T07:02:47","modified_gmt":"2025-12-19T06:02:47","slug":"gbeke-droits-de-lenfant-la-crdh-sensibilise-les-enfants-de-bouake","status":"publish","type":"post","link":"https:\/\/www.lintelligentdabidjan.info\/news\/gbeke-droits-de-lenfant-la-crdh-sensibilise-les-enfants-de-bouake\/","title":{"rendered":"Gb\u00eak\u00ea \u2013 Droits de l\u2019enfant:  La CRDH sensibilise les enfants de Bouak\u00e9"},"content":{"rendered":"<p><em><strong>La Commission r\u00e9gionale des<a href=\"https:\/\/www.lintelligentdabidjan.info\/news\/bouake-la-crdh-sensibilise-les-jeunes-pour-un-processus-electoral-inclusif-et-respectueux-des-droits-de-lhomme\/\" target=\"_blank\" rel=\"noopener\"> droits de l\u2019Homme<\/a> du Gb\u00eak\u00ea a organis\u00e9 une journ\u00e9e portes ouvertes d\u00e9di\u00e9e aux enfants.<\/strong><\/em><\/p>\n<p>En pr\u00e9lude aux cong\u00e9s de fin d\u2019ann\u00e9e, la Commission r\u00e9gionale des droits de l\u2019Homme (CRDH) du Gb\u00eak\u00ea a tenu, le mercredi 17 d\u00e9cembre 2025 \u00e0 Bouak\u00e9, une journ\u00e9e portes ouvertes \u00e0 l\u2019intention des enfants.<\/p>\n<blockquote><p>un langage adapt\u00e9<\/p><\/blockquote>\n<p>&nbsp;<\/p>\n<p>Selon la pr\u00e9sidente de la CRDH, Carine Keffa, l\u2019initiative visait \u00e0 sensibiliser les plus jeunes aux droits et devoirs fondamentaux, dans un langage adapt\u00e9. Elle a rappel\u00e9 que les enfants constituent une frange vuln\u00e9rable n\u00e9cessitant une attention particuli\u00e8re.<\/p>\n<p>Au-del\u00e0 des activit\u00e9s r\u00e9cr\u00e9atives, des \u00e9changes \u00e9ducatifs ont permis d\u2019aborder les notions de respect, de responsabilit\u00e9 et de vivre-ensemble. La responsable a \u00e9galement invit\u00e9 les parents \u00e0 renforcer la vigilance durant la p\u00e9riode des cong\u00e9s scolaires.<\/p>\n<p>La journ\u00e9e s\u2019est achev\u00e9e dans <a href=\"https:\/\/web.facebook.com\/CRDH.GBEKE\/photos\/d41d8cd9\/1200333542193859\/?_rdc=1&amp;_rdr#\" target=\"_blank\" rel=\"noopener\">une ambiance conviviale<\/a>, marqu\u00e9e par la satisfaction des enfants et de leurs parents.<\/p>\n<p><strong>Nambac\u00e9r\u00e9 Jo\u00ebl<\/strong><\/p>\n<p>&nbsp;<\/p>\n<p>&nbsp;<\/p>\n<p>&nbsp;<\/p>\n","protected":false},"excerpt":{"rendered":"<p>La Commission r\u00e9gionale des droits de l\u2019Homme du Gb\u00eak\u00ea a organis\u00e9 une journ\u00e9e portes ouvertes d\u00e9di\u00e9e aux enfants. En pr\u00e9lude aux cong\u00e9s de fin d\u2019ann\u00e9e, la Commission r\u00e9gionale des droits de l\u2019Homme (CRDH) du Gb\u00eak\u00ea a tenu, le mercredi 17 d\u00e9cembre 2025 \u00e0 Bouak\u00e9, une journ\u00e9e portes ouvertes \u00e0 l\u2019intention des enfants. un langage adapt\u00e9 [&hellip;]<\/p>\n","protected":false},"author":4,"featured_media":41483,"comment_status":"closed","ping_status":"closed","sticky":false,"template":"","format":"standard","meta":{"_monsterinsights_skip_tracking":false,"_monsterinsights_sitenote_active":false,"_monsterinsights_sitenote_note":"","_monsterinsights_sitenote_category":0,"footnotes":""},"categories":[2,3],"tags":[6646,6647,338,6175],"class_list":["post-41481","post","type-post","status-publish","format-standard","has-post-thumbnail","hentry","category-featured","category-societe","tag-droits-de-lenfant","tag-enfants-de-bouake","tag-gbeke","tag-la-crdh"],"_links":{"self":[{"href":"https:\/\/www.lintelligentdabidjan.info\/news\/wp-json\/wp\/v2\/posts\/41481","targetHints":{"allow":["GET"]}}],"collection":[{"href":"https:\/\/www.lintelligentdabidjan.info\/news\/wp-json\/wp\/v2\/posts"}],"about":[{"href":"https:\/\/www.lintelligentdabidjan.info\/news\/wp-json\/wp\/v2\/types\/post"}],"author":[{"embeddable":true,"href":"https:\/\/www.lintelligentdabidjan.info\/news\/wp-json\/wp\/v2\/users\/4"}],"replies":[{"embeddable":true,"href":"https:\/\/www.lintelligentdabidjan.info\/news\/wp-json\/wp\/v2\/comments?post=41481"}],"version-history":[{"count":1,"href":"https:\/\/www.lintelligentdabidjan.info\/news\/wp-json\/wp\/v2\/posts\/41481\/revisions"}],"predecessor-version":[{"id":41484,"href":"https:\/\/www.lintelligentdabidjan.info\/news\/wp-json\/wp\/v2\/posts\/41481\/revisions\/41484"}],"wp:featuredmedia":[{"embeddable":true,"href":"https:\/\/www.lintelligentdabidjan.info\/news\/wp-json\/wp\/v2\/media\/41483"}],"wp:attachment":[{"href":"https:\/\/www.lintelligentdabidjan.info\/news\/wp-json\/wp\/v2\/media?parent=41481"}],"wp:term":[{"taxonomy":"category","embeddable":true,"href":"https:\/\/www.lintelligentdabidjan.info\/news\/wp-json\/wp\/v2\/categories?post=41481"},{"taxonomy":"post_tag","embeddable":true,"href":"https:\/\/www.lintelligentdabidjan.info\/news\/wp-json\/wp\/v2\/tags?post=41481"}],"curies":[{"name":"wp","href":"https:\/\/api.w.org\/{rel}","templated":true}]}}