{"id":41507,"date":"2025-12-22T07:18:29","date_gmt":"2025-12-22T06:18:29","guid":{"rendered":"https:\/\/www.lintelligentdabidjan.info\/news\/?p=41507"},"modified":"2025-12-22T14:35:26","modified_gmt":"2025-12-22T13:35:26","slug":"legislatives-2025-a-lakota-le-candidat-independant-sam-wakouboue-appelle-les-electeurs-a-faire-le-bon-choix","status":"publish","type":"post","link":"https:\/\/www.lintelligentdabidjan.info\/news\/legislatives-2025-a-lakota-le-candidat-independant-sam-wakouboue-appelle-les-electeurs-a-faire-le-bon-choix\/","title":{"rendered":"L\u00e9gislatives 2025 \u00e0 Lakota : le candidat ind\u00e9pendant Sam Wakoubou\u00e9 appelle les \u00e9lecteurs \u00e0 faire le bon choix"},"content":{"rendered":"<p data-start=\"295\" data-end=\"587\"><strong>Candidat ind\u00e9pendant aux \u00e9lections l\u00e9gislatives de 2025 dans la sous-pr\u00e9fecture de Lakota, Sam Wakoubou\u00e9 a officiellement lanc\u00e9 sa campagne le samedi 21 d\u00e9cembre 2025 \u00e0 Niamb\u00e9zaria, invitant les \u00e9lecteurs \u00e0 lui accorder leur confiance pour un nouveau d\u00e9part politique.<\/strong><\/p>\n<p data-start=\"589\" data-end=\"866\">Candidat ind\u00e9pendant aux \u00e9lections l\u00e9gislatives de 2025 dans la sous-pr\u00e9fecture de Lakota, <strong data-start=\"680\" data-end=\"697\">Sam Wakoubou\u00e9<\/strong> a proc\u00e9d\u00e9 au lancement officiel de sa campagne le samedi 21 d\u00e9cembre 2025 \u00e0 Niamb\u00e9zaria, en pr\u00e9sence de d\u00e9l\u00e9gations venues de plusieurs localit\u00e9s de la sous-pr\u00e9fecture.<\/p>\n<p data-start=\"868\" data-end=\"1054\">Face \u00e0 ses partisans, le directeur de la communication du minist\u00e8re des Affaires \u00e9trang\u00e8res a exprim\u00e9 sa volont\u00e9 d\u2019insuffler une <strong data-start=\"997\" data-end=\"1029\">nouvelle dynamique politique<\/strong> \u00e0 sa r\u00e9gion d\u2019origine.<\/p>\n<blockquote data-start=\"1055\" data-end=\"1327\">\n<p data-start=\"1057\" data-end=\"1327\">\u00ab Nous sommes venus pour vous demander de faire le bon choix. Et le bon choix se trouve de notre c\u00f4t\u00e9, parce que nous parcourons cette r\u00e9gion depuis 2021 jusqu\u2019\u00e0 ce jour, contrairement \u00e0 ceux qui d\u00e9couvrent aujourd\u2019hui leur amour pour cette population \u00bb, a-t-il d\u00e9clar\u00e9.<\/p>\n<\/blockquote>\n<p data-start=\"1329\" data-end=\"1635\">Estimant avoir d\u00e9j\u00e0 pos\u00e9 des actions concr\u00e8tes en faveur des populations locales depuis cinq ans, le candidat s\u2019est dit <strong data-start=\"1449\" data-end=\"1461\">confiant<\/strong> quant \u00e0 l\u2019issue du scrutin. Il a affirm\u00e9 que la sous-pr\u00e9fecture de Lakota est pr\u00eate \u00e0 lui accorder sa confiance pour la repr\u00e9senter \u00e0 l\u2019Assembl\u00e9e nationale de C\u00f4te d\u2019Ivoire.<\/p>\n<p data-start=\"1637\" data-end=\"1786\">Devant un public acquis \u00e0 sa cause, Sam Wakoubou\u00e9 a soutenu que \u00ab le jour s\u2019est enfin lev\u00e9 \u00bb pour un <strong data-start=\"1738\" data-end=\"1766\">nouvel horizon politique<\/strong> dans la localit\u00e9.<\/p>\n<blockquote data-start=\"1787\" data-end=\"1937\">\n<p data-start=\"1789\" data-end=\"1937\">\u00ab Longtemps, nous avons v\u00e9cu dans le mensonge et l\u2019humiliation. Nous avons suivi des politiciens qui nous ont laiss\u00e9s pour compte \u00bb, a-t-il d\u00e9nonc\u00e9.<\/p>\n<\/blockquote>\n<p data-start=\"1939\" data-end=\"2296\">Au cours de la c\u00e9r\u00e9monie, le candidat a remis <strong data-start=\"1985\" data-end=\"1997\">une moto<\/strong> \u00e0 chacun des chefs de <strong data-start=\"2020\" data-end=\"2032\">Goudouko<\/strong> et de <strong data-start=\"2039\" data-end=\"2054\">Niamb\u00e9zaria<\/strong>, afin de les engager comme relais de <strong data-start=\"2092\" data-end=\"2123\">paix et de coh\u00e9sion sociale<\/strong>. Il a \u00e9galement proc\u00e9d\u00e9 \u00e0 la remise de <strong data-start=\"2163\" data-end=\"2223\">r\u00e9c\u00e9piss\u00e9s de d\u00e9p\u00f4t de dossiers \u00e0 une centaine de femmes<\/strong>, leur permettant d\u2019acc\u00e9der \u00e0 une reconnaissance administrative formelle.<\/p>\n<p data-start=\"2298\" data-end=\"2312\"><strong>Claude Dass\u00e9<\/strong><\/p>\n","protected":false},"excerpt":{"rendered":"<p>Candidat ind\u00e9pendant aux \u00e9lections l\u00e9gislatives de 2025 dans la sous-pr\u00e9fecture de Lakota, Sam Wakoubou\u00e9 a officiellement lanc\u00e9 sa campagne le samedi 21 d\u00e9cembre 2025 \u00e0 Niamb\u00e9zaria, invitant les \u00e9lecteurs \u00e0 lui accorder leur confiance pour un nouveau d\u00e9part politique. Candidat ind\u00e9pendant aux \u00e9lections l\u00e9gislatives de 2025 dans la sous-pr\u00e9fecture de Lakota, Sam Wakoubou\u00e9 a proc\u00e9d\u00e9 [&hellip;]<\/p>\n","protected":false},"author":4,"featured_media":41521,"comment_status":"closed","ping_status":"closed","sticky":false,"template":"","format":"standard","meta":{"_monsterinsights_skip_tracking":false,"_monsterinsights_sitenote_active":false,"_monsterinsights_sitenote_note":"","_monsterinsights_sitenote_category":0,"footnotes":""},"categories":[2,17],"tags":[76,6650,1028,77,1366,6371,6653,6652],"class_list":["post-41507","post","type-post","status-publish","format-standard","has-post-thumbnail","hentry","category-featured","category-politique","tag-assemblee-nationale","tag-campagne-electorale","tag-candidat-independant","tag-cote-divoire","tag-lakota","tag-legislatives-2025","tag-niambezaria","tag-sam-wakouboue"],"_links":{"self":[{"href":"https:\/\/www.lintelligentdabidjan.info\/news\/wp-json\/wp\/v2\/posts\/41507","targetHints":{"allow":["GET"]}}],"collection":[{"href":"https:\/\/www.lintelligentdabidjan.info\/news\/wp-json\/wp\/v2\/posts"}],"about":[{"href":"https:\/\/www.lintelligentdabidjan.info\/news\/wp-json\/wp\/v2\/types\/post"}],"author":[{"embeddable":true,"href":"https:\/\/www.lintelligentdabidjan.info\/news\/wp-json\/wp\/v2\/users\/4"}],"replies":[{"embeddable":true,"href":"https:\/\/www.lintelligentdabidjan.info\/news\/wp-json\/wp\/v2\/comments?post=41507"}],"version-history":[{"count":1,"href":"https:\/\/www.lintelligentdabidjan.info\/news\/wp-json\/wp\/v2\/posts\/41507\/revisions"}],"predecessor-version":[{"id":41509,"href":"https:\/\/www.lintelligentdabidjan.info\/news\/wp-json\/wp\/v2\/posts\/41507\/revisions\/41509"}],"wp:featuredmedia":[{"embeddable":true,"href":"https:\/\/www.lintelligentdabidjan.info\/news\/wp-json\/wp\/v2\/media\/41521"}],"wp:attachment":[{"href":"https:\/\/www.lintelligentdabidjan.info\/news\/wp-json\/wp\/v2\/media?parent=41507"}],"wp:term":[{"taxonomy":"category","embeddable":true,"href":"https:\/\/www.lintelligentdabidjan.info\/news\/wp-json\/wp\/v2\/categories?post=41507"},{"taxonomy":"post_tag","embeddable":true,"href":"https:\/\/www.lintelligentdabidjan.info\/news\/wp-json\/wp\/v2\/tags?post=41507"}],"curies":[{"name":"wp","href":"https:\/\/api.w.org\/{rel}","templated":true}]}}