{"id":41513,"date":"2025-12-22T07:31:52","date_gmt":"2025-12-22T06:31:52","guid":{"rendered":"https:\/\/www.lintelligentdabidjan.info\/news\/?p=41513"},"modified":"2025-12-25T23:29:17","modified_gmt":"2025-12-25T22:29:17","slug":"san-pedro-100-enfants-orphelins-au-coeur-de-la-8%e1%b5%89-caravane-du-pere-noel-de-long-amveo","status":"publish","type":"post","link":"https:\/\/www.lintelligentdabidjan.info\/news\/san-pedro-100-enfants-orphelins-au-coeur-de-la-8%e1%b5%89-caravane-du-pere-noel-de-long-amveo\/","title":{"rendered":"San Pedro : 100 enfants orphelins au c\u0153ur de la 8\u1d49 caravane du P\u00e8re No\u00ebl de l\u2019ONG AMVEO"},"content":{"rendered":"<p><strong>Dans le cadre des f\u00eates de fin d\u2019ann\u00e9e, l\u2019ONG Amis des M\u00e8res Veuves et Orphelins (AMVEO) a organis\u00e9, le samedi 20 d\u00e9cembre 2025 \u00e0 San Pedro, la 8\u1d49 \u00e9dition de sa caravane du P\u00e8re No\u00ebl, apportant dons et moments de bonheur \u00e0 100 enfants orphelins et vuln\u00e9rables.<\/strong><\/p>\n<p>Cette initiative solidaire, devenue une tradition pour l\u2019ONG AMVEO, visait \u00e0 redonner le sourire aux enfants \u00e0 travers des actions de partage, de g\u00e9n\u00e9rosit\u00e9 et de solidarit\u00e9. Gr\u00e2ce au soutien financier de la Fondation Farah, ainsi qu\u2019\u00e0 l\u2019appui de plusieurs autres donateurs, cette \u00e9dition a pu \u00eatre men\u00e9e avec succ\u00e8s.<\/p>\n<p>Au total, 100 enfants ont b\u00e9n\u00e9fici\u00e9 de cadeaux, de kits alimentaires et de dons en non-vivres, lors de visites effectu\u00e9es dans deux structures d\u2019accueil de la ville. La caravane a marqu\u00e9 une premi\u00e8re escale dans la matin\u00e9e \u00e0 l\u2019orphelinat Amour et Vie, avant de se poursuivre dans l\u2019apr\u00e8s-midi \u00e0 l\u2019ONG Foundi. Animations festives, jeux et spectacles ludiques ont rythm\u00e9 cette journ\u00e9e plac\u00e9e sous le signe de la joie et de l\u2019espoir.<\/p>\n<p>Selon VIOT B\u00e9tis Nathalie, pr\u00e9sidente de l\u2019ONG AMVEO, cette activit\u00e9 s\u2019inscrit dans le calendrier annuel de la structure, fond\u00e9e en 2013. \u00ab Chaque ann\u00e9e, nous allons \u00e0 la rencontre des populations vuln\u00e9rables, notamment les orphelins, afin de leur apporter un peu de bonheur \u00e0 travers des dons en vivres et en non-vivres. Cette ann\u00e9e, l\u2019action a b\u00e9n\u00e9fici\u00e9 \u00e0 100 enfants pour un co\u00fbt global estim\u00e9 \u00e0 2,5 millions de francs CFA \u00bb, a-t-elle indiqu\u00e9.<\/p>\n<p>La pr\u00e9sidente de l\u2019ONG AMVEO a \u00e9galement annonc\u00e9 plusieurs perspectives pour l\u2019ann\u00e9e 2026, notamment la relance des cellules de parole pour les veuves, un appui \u00e0 l\u2019ONG Foundi pour la reconstruction de son orphelinat, ainsi que la prise en charge scolaire d\u2019une dizaine d\u2019enfants orphelins.<br \/>\nDe son c\u00f4t\u00e9, Kouam\u00e9 \u00e9pouse Villers Amenan Madeleine, pr\u00e9sidente de l\u2019ONG Foundi, a exprim\u00e9 sa profonde gratitude \u00e0 l\u2019endroit de l\u2019ONG AMVEO et de ses partenaires, tout en lan\u00e7ant un appel \u00e0 un soutien accru en faveur des structures sociales, confront\u00e9es \u00e0 de nombreuses difficult\u00e9s.<\/p>\n<p><strong>Mamadou Ouattara avec Ly Abdul<\/strong><\/p>\n","protected":false},"excerpt":{"rendered":"<p>Dans le cadre des f\u00eates de fin d\u2019ann\u00e9e, l\u2019ONG Amis des M\u00e8res Veuves et Orphelins (AMVEO) a organis\u00e9, le samedi 20 d\u00e9cembre 2025 \u00e0 San Pedro, la 8\u1d49 \u00e9dition de sa caravane du P\u00e8re No\u00ebl, apportant dons et moments de bonheur \u00e0 100 enfants orphelins et vuln\u00e9rables. Cette initiative solidaire, devenue une tradition pour l\u2019ONG [&hellip;]<\/p>\n","protected":false},"author":4,"featured_media":41514,"comment_status":"closed","ping_status":"closed","sticky":false,"template":"","format":"standard","meta":{"_monsterinsights_skip_tracking":false,"_monsterinsights_sitenote_active":false,"_monsterinsights_sitenote_note":"","_monsterinsights_sitenote_category":0,"footnotes":""},"categories":[2,3],"tags":[6656,1115,6658,4495,6657,360,592],"class_list":["post-41513","post","type-post","status-publish","format-standard","has-post-thumbnail","hentry","category-featured","category-societe","tag-caravane-du-pere-noel","tag-dons","tag-enfants-orphelins","tag-fetes-de-fin-dannee","tag-ong-amvo","tag-san-pedro","tag-solidarite"],"_links":{"self":[{"href":"https:\/\/www.lintelligentdabidjan.info\/news\/wp-json\/wp\/v2\/posts\/41513","targetHints":{"allow":["GET"]}}],"collection":[{"href":"https:\/\/www.lintelligentdabidjan.info\/news\/wp-json\/wp\/v2\/posts"}],"about":[{"href":"https:\/\/www.lintelligentdabidjan.info\/news\/wp-json\/wp\/v2\/types\/post"}],"author":[{"embeddable":true,"href":"https:\/\/www.lintelligentdabidjan.info\/news\/wp-json\/wp\/v2\/users\/4"}],"replies":[{"embeddable":true,"href":"https:\/\/www.lintelligentdabidjan.info\/news\/wp-json\/wp\/v2\/comments?post=41513"}],"version-history":[{"count":3,"href":"https:\/\/www.lintelligentdabidjan.info\/news\/wp-json\/wp\/v2\/posts\/41513\/revisions"}],"predecessor-version":[{"id":41668,"href":"https:\/\/www.lintelligentdabidjan.info\/news\/wp-json\/wp\/v2\/posts\/41513\/revisions\/41668"}],"wp:featuredmedia":[{"embeddable":true,"href":"https:\/\/www.lintelligentdabidjan.info\/news\/wp-json\/wp\/v2\/media\/41514"}],"wp:attachment":[{"href":"https:\/\/www.lintelligentdabidjan.info\/news\/wp-json\/wp\/v2\/media?parent=41513"}],"wp:term":[{"taxonomy":"category","embeddable":true,"href":"https:\/\/www.lintelligentdabidjan.info\/news\/wp-json\/wp\/v2\/categories?post=41513"},{"taxonomy":"post_tag","embeddable":true,"href":"https:\/\/www.lintelligentdabidjan.info\/news\/wp-json\/wp\/v2\/tags?post=41513"}],"curies":[{"name":"wp","href":"https:\/\/api.w.org\/{rel}","templated":true}]}}