{"id":41523,"date":"2025-12-22T14:59:22","date_gmt":"2025-12-22T13:59:22","guid":{"rendered":"https:\/\/www.lintelligentdabidjan.info\/news\/?p=41523"},"modified":"2025-12-22T15:08:36","modified_gmt":"2025-12-22T14:08:36","slug":"legislatives-2025-forte-mobilisation-autour-dibrahim-kalil-konate-pour-ses-trois-premiers-jours-de-campagne-a-dabakala","status":"publish","type":"post","link":"https:\/\/www.lintelligentdabidjan.info\/news\/legislatives-2025-forte-mobilisation-autour-dibrahim-kalil-konate-pour-ses-trois-premiers-jours-de-campagne-a-dabakala\/","title":{"rendered":"L\u00e9gislatives 2025 : forte mobilisation autour d\u2019Ibrahim Kalil Konat\u00e9 pour ses trois premiers jours de campagne \u00e0 Dabakala"},"content":{"rendered":"<p data-start=\"273\" data-end=\"664\"><em><strong>Le ministre Ibrahim Kalil Konat\u00e9, candidat du RHDP aux<a href=\"https:\/\/www.lintelligentdabidjan.info\/news\/legislatives-2025-a-lakota-le-candidat-independant-sam-wakouboue-appelle-les-electeurs-a-faire-le-bon-choix\/\" target=\"_blank\" rel=\"noopener\"> \u00e9lections l\u00e9gislatives<\/a> du 27 d\u00e9cembre 2025 dans la circonscription \u00e9lectorale n\u00b094 de Dabakala, a boucl\u00e9 ses trois premiers jours de campagne dans une atmosph\u00e8re marqu\u00e9e par une forte mobilisation populaire, des messages de paix et la valorisation des actions de d\u00e9veloppement men\u00e9es dans le d\u00e9partement.<\/strong><\/em><\/p>\n<p data-start=\"666\" data-end=\"1058\">La campagne a \u00e9t\u00e9 officiellement lanc\u00e9e le samedi 20 d\u00e9cembre 2025 \u00e0 Sokala Sobara, chef-lieu de sous-pr\u00e9fecture, en pr\u00e9sence des chefs traditionnels, des femmes, des jeunes, des responsables communautaires et de nombreux militants du RHDP. Dans une ambiance conviviale, le candidat a exprim\u00e9 sa reconnaissance aux populations pour leur accueil et leur engagement.<\/p>\n<blockquote>\n<p data-start=\"666\" data-end=\"1058\">sans injures ni provocations<\/p>\n<\/blockquote>\n<p data-start=\"1060\" data-end=\"1395\">S\u2019adressant \u00e0 la foule, Ibrahim Kalil Konat\u00e9 a insist\u00e9 sur la n\u00e9cessit\u00e9 d\u2019une campagne apais\u00e9e.<br data-start=\"1159\" data-end=\"1162\" \/>\u00ab La campagne n\u2019est pas une guerre. Elle doit se d\u00e9rouler dans la paix, sans injures ni provocations \u00bb, a-t-il d\u00e9clar\u00e9, appelant particuli\u00e8rement les jeunes \u00e0 faire preuve de responsabilit\u00e9, notamment sur les r\u00e9seaux sociaux.<\/p>\n<p data-start=\"1397\" data-end=\"1918\">Le candidat du RHDP a ensuite rappel\u00e9 plusieurs r\u00e9alisations majeures dans la sous-pr\u00e9fecture de Sokala Sobara, parmi lesquelles la construction d\u2019une sous-pr\u00e9fecture moderne, des coll\u00e8ges de proximit\u00e9, des infrastructures scolaires et sanitaires, ainsi que l\u2019am\u00e9lioration du r\u00e9seau routier. Il a \u00e9galement annonc\u00e9 la mise \u00e0 disposition prochaine d\u2019ambulances afin de renforcer le plateau sanitaire du d\u00e9partement, conform\u00e9ment \u00e0 la vision du Pr\u00e9sident de la R\u00e9publique, Alassane Ouattara.<\/p>\n<p data-start=\"1920\" data-end=\"2264\">Le dimanche 21 d\u00e9cembre 2025, Ibrahim Kalil Konat\u00e9 a poursuivi sa campagne par une tourn\u00e9e de proximit\u00e9 dans plusieurs villages, notamment Torro K\u00e9k\u00e9nin, Dombadougou, Lato, Banoufo, Ouandrama Bambarasso et Ouandrama Dioulasso. Partout, il a b\u00e9n\u00e9fici\u00e9 d\u2019un accueil chaleureux, ponctu\u00e9 de chants et danses traditionnelles.<\/p>\n<blockquote>\n<p data-start=\"1920\" data-end=\"2264\">construire notre \u00e9cole sans pouvoir l\u2019achever<\/p>\n<\/blockquote>\n<p data-start=\"2266\" data-end=\"2537\">\u00c0 Torro K\u00e9k\u00e9nin, le pr\u00e9sident des jeunes a salu\u00e9 l\u2019action du ministre :<br data-start=\"2341\" data-end=\"2344\" \/>\u00ab Nous avons mis dix ans \u00e0 construire notre \u00e9cole sans pouvoir l\u2019achever. En trois mois seulement, gr\u00e2ce au ministre Ibrahim Kalil Konat\u00e9, l\u2019\u00e9cole a \u00e9t\u00e9 enti\u00e8rement termin\u00e9e \u00bb, a-t-il t\u00e9moign\u00e9.<\/p>\n<p data-start=\"2539\" data-end=\"2782\">Face aux populations, le candidat a r\u00e9affirm\u00e9 sa conviction que la politique doit se traduire par des actes concrets, appelant <a href=\"https:\/\/www.facebook.com\/rhdpciv\/posts\/l%C3%A9gislatives-2025-ibrahim-kalil-konat%C3%A9-lance-sa-campagne-avec-une-forte-mobilisa\/1403921114437220\/\" target=\"_blank\" rel=\"noopener\">les \u00e9lecteurs \u00e0 rester unis<\/a> et \u00e0 se mobiliser en faveur du RHDP lors du scrutin du 27 d\u00e9cembre 2025.<\/p>\n","protected":false},"excerpt":{"rendered":"<p>Le ministre Ibrahim Kalil Konat\u00e9, candidat du RHDP aux \u00e9lections l\u00e9gislatives du 27 d\u00e9cembre 2025 dans la circonscription \u00e9lectorale n\u00b094 de Dabakala, a boucl\u00e9 ses trois premiers jours de campagne dans une atmosph\u00e8re marqu\u00e9e par une forte mobilisation populaire, des messages de paix et la valorisation des actions de d\u00e9veloppement men\u00e9es dans le d\u00e9partement. La [&hellip;]<\/p>\n","protected":false},"author":4,"featured_media":41524,"comment_status":"closed","ping_status":"closed","sticky":false,"template":"","format":"standard","meta":{"_monsterinsights_skip_tracking":false,"_monsterinsights_sitenote_active":false,"_monsterinsights_sitenote_note":"","_monsterinsights_sitenote_category":0,"footnotes":""},"categories":[2,17],"tags":[6650,77,3313,3077,3179,6371,6659,144],"class_list":["post-41523","post","type-post","status-publish","format-standard","has-post-thumbnail","hentry","category-featured","category-politique","tag-campagne-electorale","tag-cote-divoire","tag-dabakala","tag-developpement-local","tag-ibrahim-kalil-konate","tag-legislatives-2025","tag-mobilisation-populaire","tag-rhdp"],"_links":{"self":[{"href":"https:\/\/www.lintelligentdabidjan.info\/news\/wp-json\/wp\/v2\/posts\/41523","targetHints":{"allow":["GET"]}}],"collection":[{"href":"https:\/\/www.lintelligentdabidjan.info\/news\/wp-json\/wp\/v2\/posts"}],"about":[{"href":"https:\/\/www.lintelligentdabidjan.info\/news\/wp-json\/wp\/v2\/types\/post"}],"author":[{"embeddable":true,"href":"https:\/\/www.lintelligentdabidjan.info\/news\/wp-json\/wp\/v2\/users\/4"}],"replies":[{"embeddable":true,"href":"https:\/\/www.lintelligentdabidjan.info\/news\/wp-json\/wp\/v2\/comments?post=41523"}],"version-history":[{"count":2,"href":"https:\/\/www.lintelligentdabidjan.info\/news\/wp-json\/wp\/v2\/posts\/41523\/revisions"}],"predecessor-version":[{"id":41526,"href":"https:\/\/www.lintelligentdabidjan.info\/news\/wp-json\/wp\/v2\/posts\/41523\/revisions\/41526"}],"wp:featuredmedia":[{"embeddable":true,"href":"https:\/\/www.lintelligentdabidjan.info\/news\/wp-json\/wp\/v2\/media\/41524"}],"wp:attachment":[{"href":"https:\/\/www.lintelligentdabidjan.info\/news\/wp-json\/wp\/v2\/media?parent=41523"}],"wp:term":[{"taxonomy":"category","embeddable":true,"href":"https:\/\/www.lintelligentdabidjan.info\/news\/wp-json\/wp\/v2\/categories?post=41523"},{"taxonomy":"post_tag","embeddable":true,"href":"https:\/\/www.lintelligentdabidjan.info\/news\/wp-json\/wp\/v2\/tags?post=41523"}],"curies":[{"name":"wp","href":"https:\/\/api.w.org\/{rel}","templated":true}]}}