{"id":41539,"date":"2025-12-23T07:26:37","date_gmt":"2025-12-23T06:26:37","guid":{"rendered":"https:\/\/www.lintelligentdabidjan.info\/news\/?p=41539"},"modified":"2025-12-23T07:40:05","modified_gmt":"2025-12-23T06:40:05","slug":"lintelligent-en-pdf-fin-dannee-abidjan-ville-lumiere-2025-en-marche","status":"publish","type":"post","link":"https:\/\/www.lintelligentdabidjan.info\/news\/lintelligent-en-pdf-fin-dannee-abidjan-ville-lumiere-2025-en-marche\/","title":{"rendered":"L&#8217;Intelligent en PDF:\u00a0  Fin d&#8217;ann\u00e9e : Abidjan Ville Lumi\u00e8re 2025 en marche"},"content":{"rendered":"<div><strong>La C\u00f4te d\u2019Ivoire s&#8217;illumine dans la solidarit\u00e9 pour la paix et l&#8217;unit\u00e9<\/strong><\/div>\n<div>Pour la deuxi\u00e8me ann\u00e9e, la magie des f\u00eates de fin d\u2019ann\u00e9e en C\u00f4te d\u2019Ivoire, s\u2019\u00e9tend au del\u00e0 d\u2019Abidjan. En effet, sous l&#8217;impulsion du Pr\u00e9sident Alassane Ouattara, et conform\u00e9ment \u00e0 sa vision d\u2019une C\u00f4te d\u2019Ivoire Solidaire, le programme d&#8217;illuminations &#8220;Abidjan ville lumi\u00e8re&#8221; va enchanter aussi les nuits de chacune des capitales des 31 r\u00e9gions et de Yamoussoukro, capitale du District Autonome de Yamoussoukro.<\/div>\n<div><\/div>\n<div>La suite \u00e0 d\u00e9couvrir en ligne sur&#8230;<\/div>\n<div><a href=\"https:\/\/news.abidjan.net\/titrologie\/39-lintelligent-dabidjan\/articles\" target=\"_blank\" rel=\"noopener\">https:\/\/news.abidjan.net\/titrologie\/39-lintelligent-dabidjan\/articles<\/a><\/div>\n<div><\/div>\n<div><\/div>\n<div>\u00a0\u00c0\u00a0 lire aussi\u00a0 les activit\u00e9s de T\u00e9n\u00e9 Birahima, Adama Bictogo, Anne Ouloto et Georges Ou\u00e9gnin dans le cadre de la campagne pour les l\u00e9gislatives,\u00a0 RTI et NCI : 52 matchs \u00e0 l\u2019\u00e9cran lors de la CAN.<\/div>\n<div><\/div>\n<div>Cliquez pour les d\u00e9tails<\/div>\n<div><a href=\"https:\/\/www.afrikipresse.fr\/abonnement\" target=\"_blank\" rel=\"noopener\">https:\/\/www.afrikipresse.fr\/abonnement<\/a><\/div>\n<div><\/div>\n<div>\u00c0 voir \u00e9galement\u00a0 des cadeaux d&#8217;Augustin Thiam\u00a0 \u00e0 1200 enfants \u00e0 Yamoussoukro et les religions au service de la paix.<\/div>\n<div><\/div>\n<div><a href=\"https:\/\/www.pressecotedivoire.fr\/titrologie\" target=\"_blank\" rel=\"noopener\">https:\/\/www.pressecotedivoire.fr\/titrologie<\/a><\/div>\n<div><\/div>\n","protected":false},"excerpt":{"rendered":"<p>La C\u00f4te d\u2019Ivoire s&#8217;illumine dans la solidarit\u00e9 pour la paix et l&#8217;unit\u00e9 Pour la deuxi\u00e8me ann\u00e9e, la magie des f\u00eates de fin d\u2019ann\u00e9e en C\u00f4te d\u2019Ivoire, s\u2019\u00e9tend au del\u00e0 d\u2019Abidjan. En effet, sous l&#8217;impulsion du Pr\u00e9sident Alassane Ouattara, et conform\u00e9ment \u00e0 sa vision d\u2019une C\u00f4te d\u2019Ivoire Solidaire, le programme d&#8217;illuminations &#8220;Abidjan ville lumi\u00e8re&#8221; va enchanter [&hellip;]<\/p>\n","protected":false},"author":4,"featured_media":41540,"comment_status":"closed","ping_status":"closed","sticky":false,"template":"","format":"standard","meta":{"_monsterinsights_skip_tracking":false,"_monsterinsights_sitenote_active":false,"_monsterinsights_sitenote_note":"","_monsterinsights_sitenote_category":0,"footnotes":""},"categories":[2,3],"tags":[],"class_list":["post-41539","post","type-post","status-publish","format-standard","has-post-thumbnail","hentry","category-featured","category-societe"],"_links":{"self":[{"href":"https:\/\/www.lintelligentdabidjan.info\/news\/wp-json\/wp\/v2\/posts\/41539","targetHints":{"allow":["GET"]}}],"collection":[{"href":"https:\/\/www.lintelligentdabidjan.info\/news\/wp-json\/wp\/v2\/posts"}],"about":[{"href":"https:\/\/www.lintelligentdabidjan.info\/news\/wp-json\/wp\/v2\/types\/post"}],"author":[{"embeddable":true,"href":"https:\/\/www.lintelligentdabidjan.info\/news\/wp-json\/wp\/v2\/users\/4"}],"replies":[{"embeddable":true,"href":"https:\/\/www.lintelligentdabidjan.info\/news\/wp-json\/wp\/v2\/comments?post=41539"}],"version-history":[{"count":3,"href":"https:\/\/www.lintelligentdabidjan.info\/news\/wp-json\/wp\/v2\/posts\/41539\/revisions"}],"predecessor-version":[{"id":41543,"href":"https:\/\/www.lintelligentdabidjan.info\/news\/wp-json\/wp\/v2\/posts\/41539\/revisions\/41543"}],"wp:featuredmedia":[{"embeddable":true,"href":"https:\/\/www.lintelligentdabidjan.info\/news\/wp-json\/wp\/v2\/media\/41540"}],"wp:attachment":[{"href":"https:\/\/www.lintelligentdabidjan.info\/news\/wp-json\/wp\/v2\/media?parent=41539"}],"wp:term":[{"taxonomy":"category","embeddable":true,"href":"https:\/\/www.lintelligentdabidjan.info\/news\/wp-json\/wp\/v2\/categories?post=41539"},{"taxonomy":"post_tag","embeddable":true,"href":"https:\/\/www.lintelligentdabidjan.info\/news\/wp-json\/wp\/v2\/tags?post=41539"}],"curies":[{"name":"wp","href":"https:\/\/api.w.org\/{rel}","templated":true}]}}