{"id":41557,"date":"2025-12-24T08:15:13","date_gmt":"2025-12-24T07:15:13","guid":{"rendered":"https:\/\/www.lintelligentdabidjan.info\/news\/?p=41557"},"modified":"2025-12-24T08:15:18","modified_gmt":"2025-12-24T07:15:18","slug":"can-2025-fae-affiche-la-confiance-des-elephants-avant-lentree-en-lice-face-au-mozambique","status":"publish","type":"post","link":"https:\/\/www.lintelligentdabidjan.info\/news\/can-2025-fae-affiche-la-confiance-des-elephants-avant-lentree-en-lice-face-au-mozambique\/","title":{"rendered":"CAN 2025: \u00a0Fa\u00e9 affiche la confiance des \u00c9l\u00e9phants avant l\u2019entr\u00e9e en lice face au Mozambique"},"content":{"rendered":"<p><strong>Championne d\u2019Afrique en titre, la C\u00f4te d\u2019Ivoire d\u00e9bute la d\u00e9fense de son titre ce mercredi 24 d\u00e9cembre 2025 face au Mozambique, \u00e0 18h30, au Grand Stade de Marrakech, pour le compte de la premi\u00e8re journ\u00e9e du groupe F de la Coupe d\u2019Afrique des Nations (<a href=\"https:\/\/www.lintelligentdabidjan.info\/news\/can-2023-le-projet-rendez-vous-en-cote-divoire-explique\/\" target=\"_blank\" rel=\"noopener\">CAN<\/a>) 2025.<\/strong><\/p>\n<p>\u00c0 la veille de cette rencontre, le s\u00e9lectionneur des \u00c9l\u00e9phants, Emerse Fa\u00e9, s\u2019est exprim\u00e9 devant la presse, le mardi 23 d\u00e9cembre 2025 , lors de la traditionnelle conf\u00e9rence d\u2019avant-match.<\/p>\n<blockquote><p>la qualit\u00e9 de notre pr\u00e9paration en Espagne<\/p><\/blockquote>\n<p>&nbsp;<\/p>\n<p>\u00ab Je pense que c\u2019est le parcours que nous avons eu jusqu\u2019ici, ainsi que la qualit\u00e9 de notre pr\u00e9paration en Espagne, qui expliquent cette confiance avec laquelle nous arrivons \u00e0 la CAN\u00bb, a d\u00e9clar\u00e9 le technicien ivoirien,.<\/p>\n<p>Selon lui, l\u2019\u00e9tat d\u2019esprit du groupe constitue un atout majeur. \u00ab Les joueurs sont impliqu\u00e9s, concentr\u00e9s et pleinement investis dans cette mission \u00bb, a-t-il soulign\u00e9.<\/p>\n<p>Toutefois, Emerse Fa\u00e9 a tenu \u00e0 relativiser le statut de tenant du titre. \u00ab Cette confiance ne repose pas sur notre sacre lors de la derni\u00e8re CAN, mais sur ce que nous avons construit depuis, notamment durant la pr\u00e9paration \u00bb, a-t-il pr\u00e9cis\u00e9.<\/p>\n<p>Face au Mozambique, le s\u00e9lectionneur appelle \u00e0 la vigilance. \u00ab Il n\u2019y a pas de petite \u00e9quipe \u00e0 la CAN. Le Mozambique est une s\u00e9lection \u00e0 respecter. Nous ne voulons pas nous laisser endormir par notre statut \u00bb, a-t-il insist\u00e9.<\/p>\n<p>Depuis 2008, <a href=\"https:\/\/www.linfodrome.com\/sport\/116837-can-2025-au-maroc-la-cote-d-ivoire-affiche-sa-serenite-avant-l-entree-en-lice-face-au-mozambique\" target=\"_blank\" rel=\"noopener\">la C\u00f4te d\u2019Ivoire et le Mozambique<\/a> se sont affront\u00e9s \u00e0 quatre reprises, avec autant de victoires pour les \u00c9l\u00e9phants. Une statistique favorable, mais que le staff ivoirien refuse de consid\u00e9rer comme un acquis.<\/p>\n<p><strong>Ange Kouadio, \u00e0 Marrakech<\/strong><\/p>\n<p>&nbsp;<\/p>\n<p>&nbsp;<\/p>\n<p>&nbsp;<\/p>\n<p>&nbsp;<\/p>\n<p>&nbsp;<\/p>\n<p>&nbsp;<\/p>\n","protected":false},"excerpt":{"rendered":"<p>Championne d\u2019Afrique en titre, la C\u00f4te d\u2019Ivoire d\u00e9bute la d\u00e9fense de son titre ce mercredi 24 d\u00e9cembre 2025 face au Mozambique, \u00e0 18h30, au Grand Stade de Marrakech, pour le compte de la premi\u00e8re journ\u00e9e du groupe F de la Coupe d\u2019Afrique des Nations (CAN) 2025. \u00c0 la veille de cette rencontre, le s\u00e9lectionneur des [&hellip;]<\/p>\n","protected":false},"author":4,"featured_media":41558,"comment_status":"closed","ping_status":"closed","sticky":false,"template":"","format":"standard","meta":{"_monsterinsights_skip_tracking":false,"_monsterinsights_sitenote_active":false,"_monsterinsights_sitenote_note":"","_monsterinsights_sitenote_category":0,"footnotes":""},"categories":[23],"tags":[6557,136,6679,6680,6681,6674],"class_list":["post-41557","post","type-post","status-publish","format-standard","has-post-thumbnail","hentry","category-sport","tag-can-2025","tag-elephants","tag-fae","tag-la-confiance","tag-lice","tag-mozambique"],"_links":{"self":[{"href":"https:\/\/www.lintelligentdabidjan.info\/news\/wp-json\/wp\/v2\/posts\/41557","targetHints":{"allow":["GET"]}}],"collection":[{"href":"https:\/\/www.lintelligentdabidjan.info\/news\/wp-json\/wp\/v2\/posts"}],"about":[{"href":"https:\/\/www.lintelligentdabidjan.info\/news\/wp-json\/wp\/v2\/types\/post"}],"author":[{"embeddable":true,"href":"https:\/\/www.lintelligentdabidjan.info\/news\/wp-json\/wp\/v2\/users\/4"}],"replies":[{"embeddable":true,"href":"https:\/\/www.lintelligentdabidjan.info\/news\/wp-json\/wp\/v2\/comments?post=41557"}],"version-history":[{"count":1,"href":"https:\/\/www.lintelligentdabidjan.info\/news\/wp-json\/wp\/v2\/posts\/41557\/revisions"}],"predecessor-version":[{"id":41559,"href":"https:\/\/www.lintelligentdabidjan.info\/news\/wp-json\/wp\/v2\/posts\/41557\/revisions\/41559"}],"wp:featuredmedia":[{"embeddable":true,"href":"https:\/\/www.lintelligentdabidjan.info\/news\/wp-json\/wp\/v2\/media\/41558"}],"wp:attachment":[{"href":"https:\/\/www.lintelligentdabidjan.info\/news\/wp-json\/wp\/v2\/media?parent=41557"}],"wp:term":[{"taxonomy":"category","embeddable":true,"href":"https:\/\/www.lintelligentdabidjan.info\/news\/wp-json\/wp\/v2\/categories?post=41557"},{"taxonomy":"post_tag","embeddable":true,"href":"https:\/\/www.lintelligentdabidjan.info\/news\/wp-json\/wp\/v2\/tags?post=41557"}],"curies":[{"name":"wp","href":"https:\/\/api.w.org\/{rel}","templated":true}]}}