{"id":41560,"date":"2025-12-24T08:23:39","date_gmt":"2025-12-24T07:23:39","guid":{"rendered":"https:\/\/www.lintelligentdabidjan.info\/news\/?p=41560"},"modified":"2025-12-24T08:24:41","modified_gmt":"2025-12-24T07:24:41","slug":"noel-des-championsplus-de-1-000-athletes-sur-le-tatami-a-abidjan","status":"publish","type":"post","link":"https:\/\/www.lintelligentdabidjan.info\/news\/noel-des-championsplus-de-1-000-athletes-sur-le-tatami-a-abidjan\/","title":{"rendered":"No\u00ebl des Champions:Plus de 1 000 athl\u00e8tes sur le tatami \u00e0 Abidjan"},"content":{"rendered":"<p><strong>La c\u00e9r\u00e9monie d\u2019ouverture de la premi\u00e8re \u00e9dition du \u00ab No\u00ebl des Champions \u00bb s\u2019est tenue le dimanche 21 d\u00e9cembre 2025 au Centre sportif, culturel et des TIC ivoiro-cor\u00e9en Alassane Ouattara (Cscticao), \u00e0 Abidjan-Adjam\u00e9.\u00a0<\/strong><\/p>\n<p>Initi\u00e9e par Ciss\u00e9 Cheick Salah, champion olympique et mondial ivoirien de taekwondo, cette comp\u00e9tition a r\u00e9uni pr\u00e8s de 1 000 jeunes athl\u00e8tes issus de plus de 150 clubs d\u2019Afrique et d\u2019Europe. Organis\u00e9 par la Fondation Cheick Ciss\u00e9, l\u2019\u00e9v\u00e9nement ambitionne d\u2019offrir un cadre structurant pour la formation et l\u2019\u00e9panouissement des jeunes <a href=\"https:\/\/www.lintelligentdabidjan.info\/news\/bamba-cheick-daniel-presse-de-partir-pour-se-consacrer-au-taekwondo-dentretien-federation-ivoirienne-de-taekwondo\/\" target=\"_blank\" rel=\"noopener\">taekwondo\u00efns<\/a>. Pour le promoteur, Ciss\u00e9 Cheick salah, il s\u2019agit d\u2019inspirer une nouvelle g\u00e9n\u00e9ration \u00e0 travers les valeurs cardinales du sport \u00e0 savoir respect, pers\u00e9v\u00e9rance et excellence. La premi\u00e8re journ\u00e9e \u00e9tait d\u00e9di\u00e9e aux cat\u00e9gories poussins, pupilles, benjamins, minimes et cadets. Sur le tatami, les jeunes comp\u00e9titeurs ont fait preuve de discipline, d\u2019endurance et d\u2019une ma\u00eetrise technique remarquable.<\/p>\n<p>\u00c0 l\u2019issue des combats, les trois meilleurs de chaque cat\u00e9gorie ont \u00e9t\u00e9 r\u00e9compens\u00e9s par des m\u00e9dailles d\u2019or, d\u2019argent et de bronze, assorties de certificats de participation, saluant l\u2019engagement de tous.<\/p>\n<p>Ciss\u00e9 Cheick Salah a soulign\u00e9 sa volont\u00e9 de faire du \u00ab No\u00ebl des Champions \u00bb bien plus qu\u2019un simple rendez-vous sportif : un espace de partage, de solidarit\u00e9 et de transmission. \u00ab Cette initiative est un message fort : croire en ses r\u00eaves, quels que soient son origine ou son parcours. Je souhaite qu&#8217;ensemble, nous continuions \u00e0 b\u00e2tir des champions, sur le tatami comme dans la vie \u00bb, a-t-il d\u00e9clar\u00e9, avant de remercier partenaires et clubs pour leur soutien. \u00ab Au-del\u00e0 des m\u00e9dailles, chaque enfant doit repartir grandi, valoris\u00e9 et fier d&#8217;avoir particip\u00e9 \u00e0 cette exp\u00e9rience unique \u00bb, a-t-il ajout\u00e9.<\/p>\n<p>Selon les <a href=\"https:\/\/www.aip.ci\/278380\/cote-divoire-aip-noel-des-champions-la-fondation-cheick-cisse-vise-1000-jeunes-athletes-pour-la-premiere-edition-du-21-decembre-a-abidjan\/\" target=\"_blank\" rel=\"noopener\">organisateurs<\/a>, les cat\u00e9gories juniors et seniors sont programm\u00e9es pour le lundi 22 janvier 2026.<\/p>\n<p><strong>Olivier Dion avec A. Traor\u00e9<\/strong><\/p>\n<p>&nbsp;<\/p>\n<p>&nbsp;<\/p>\n<p>&nbsp;<\/p>\n<p>&nbsp;<\/p>\n<p>&nbsp;<\/p>\n","protected":false},"excerpt":{"rendered":"<p>La c\u00e9r\u00e9monie d\u2019ouverture de la premi\u00e8re \u00e9dition du \u00ab No\u00ebl des Champions \u00bb s\u2019est tenue le dimanche 21 d\u00e9cembre 2025 au Centre sportif, culturel et des TIC ivoiro-cor\u00e9en Alassane Ouattara (Cscticao), \u00e0 Abidjan-Adjam\u00e9.\u00a0 Initi\u00e9e par Ciss\u00e9 Cheick Salah, champion olympique et mondial ivoirien de taekwondo, cette comp\u00e9tition a r\u00e9uni pr\u00e8s de 1 000 jeunes athl\u00e8tes [&hellip;]<\/p>\n","protected":false},"author":4,"featured_media":41561,"comment_status":"closed","ping_status":"closed","sticky":false,"template":"","format":"standard","meta":{"_monsterinsights_skip_tracking":false,"_monsterinsights_sitenote_active":false,"_monsterinsights_sitenote_note":"","_monsterinsights_sitenote_category":0,"footnotes":""},"categories":[2,23],"tags":[200,2969,6683,6682],"class_list":["post-41560","post","type-post","status-publish","format-standard","has-post-thumbnail","hentry","category-featured","category-sport","tag-abidjan","tag-athletes","tag-le-tatami","tag-noel-des-champions"],"_links":{"self":[{"href":"https:\/\/www.lintelligentdabidjan.info\/news\/wp-json\/wp\/v2\/posts\/41560","targetHints":{"allow":["GET"]}}],"collection":[{"href":"https:\/\/www.lintelligentdabidjan.info\/news\/wp-json\/wp\/v2\/posts"}],"about":[{"href":"https:\/\/www.lintelligentdabidjan.info\/news\/wp-json\/wp\/v2\/types\/post"}],"author":[{"embeddable":true,"href":"https:\/\/www.lintelligentdabidjan.info\/news\/wp-json\/wp\/v2\/users\/4"}],"replies":[{"embeddable":true,"href":"https:\/\/www.lintelligentdabidjan.info\/news\/wp-json\/wp\/v2\/comments?post=41560"}],"version-history":[{"count":1,"href":"https:\/\/www.lintelligentdabidjan.info\/news\/wp-json\/wp\/v2\/posts\/41560\/revisions"}],"predecessor-version":[{"id":41562,"href":"https:\/\/www.lintelligentdabidjan.info\/news\/wp-json\/wp\/v2\/posts\/41560\/revisions\/41562"}],"wp:featuredmedia":[{"embeddable":true,"href":"https:\/\/www.lintelligentdabidjan.info\/news\/wp-json\/wp\/v2\/media\/41561"}],"wp:attachment":[{"href":"https:\/\/www.lintelligentdabidjan.info\/news\/wp-json\/wp\/v2\/media?parent=41560"}],"wp:term":[{"taxonomy":"category","embeddable":true,"href":"https:\/\/www.lintelligentdabidjan.info\/news\/wp-json\/wp\/v2\/categories?post=41560"},{"taxonomy":"post_tag","embeddable":true,"href":"https:\/\/www.lintelligentdabidjan.info\/news\/wp-json\/wp\/v2\/tags?post=41560"}],"curies":[{"name":"wp","href":"https:\/\/api.w.org\/{rel}","templated":true}]}}