{"id":41568,"date":"2025-12-24T08:46:05","date_gmt":"2025-12-24T07:46:05","guid":{"rendered":"https:\/\/www.lintelligentdabidjan.info\/news\/?p=41568"},"modified":"2025-12-24T08:46:10","modified_gmt":"2025-12-24T07:46:10","slug":"samo-la-jls-celebre-la-cohesion-sociale-a-travers-un-tournoi-de-petanque","status":"publish","type":"post","link":"https:\/\/www.lintelligentdabidjan.info\/news\/samo-la-jls-celebre-la-cohesion-sociale-a-travers-un-tournoi-de-petanque\/","title":{"rendered":"Samo:  La JLS c\u00e9l\u00e8bre la coh\u00e9sion sociale \u00e0 travers un tournoi de p\u00e9tanque"},"content":{"rendered":"<p><strong>Les Jeunes Leaders de Samo (JLS) ont organis\u00e9, le dimanche 21 d\u00e9cembre 2025, la deuxi\u00e8me \u00e9dition de leur <a href=\"https:\/\/www.lintelligentdabidjan.info\/news\/tournoi-de-solidarite-petanque-a-samo-une-premiere-edition-dediee-a-la-solidarite-et-au-partage\/\" target=\"_blank\" rel=\"noopener\">Tournoi de p\u00e9tanque<\/a>, une initiative visant \u00e0 promouvoir la coh\u00e9sion sociale et le vivre-ensemble au sein de la communaut\u00e9.<\/strong><\/p>\n<p>L\u2019\u00e9v\u00e9nement a r\u00e9uni des autorit\u00e9s administratives et locales, des leaders communautaires, des repr\u00e9sentants d\u2019associations, des partenaires ainsi que de nombreux habitants de Samo. \u00c0 travers cette activit\u00e9 sportive, la JLS entend cr\u00e9er un cadre d\u2019\u00e9changes et de rapprochement entre les diff\u00e9rentes composantes de la population.<\/p>\n<p><img loading=\"lazy\" decoding=\"async\" class=\"alignnone size-medium wp-image-41573\" src=\"https:\/\/www.lintelligentdabidjan.info\/news\/wp-content\/uploads\/2025\/12\/WhatsApp-Image-2025-12-24-at-07.40.36-300x164.jpeg\" alt=\"\" width=\"300\" height=\"164\" srcset=\"https:\/\/www.lintelligentdabidjan.info\/news\/wp-content\/uploads\/2025\/12\/WhatsApp-Image-2025-12-24-at-07.40.36-300x164.jpeg 300w, https:\/\/www.lintelligentdabidjan.info\/news\/wp-content\/uploads\/2025\/12\/WhatsApp-Image-2025-12-24-at-07.40.36-1024x559.jpeg 1024w, https:\/\/www.lintelligentdabidjan.info\/news\/wp-content\/uploads\/2025\/12\/WhatsApp-Image-2025-12-24-at-07.40.36-768x420.jpeg 768w, https:\/\/www.lintelligentdabidjan.info\/news\/wp-content\/uploads\/2025\/12\/WhatsApp-Image-2025-12-24-at-07.40.36-696x380.jpeg 696w, https:\/\/www.lintelligentdabidjan.info\/news\/wp-content\/uploads\/2025\/12\/WhatsApp-Image-2025-12-24-at-07.40.36-1068x583.jpeg 1068w, https:\/\/www.lintelligentdabidjan.info\/news\/wp-content\/uploads\/2025\/12\/WhatsApp-Image-2025-12-24-at-07.40.36-769x420.jpeg 769w, https:\/\/www.lintelligentdabidjan.info\/news\/wp-content\/uploads\/2025\/12\/WhatsApp-Image-2025-12-24-at-07.40.36.jpeg 1080w\" sizes=\"auto, (max-width: 300px) 100vw, 300px\" \/><\/p>\n<p>La c\u00e9r\u00e9monie d\u2019ouverture s\u2019est d\u00e9roul\u00e9e en pr\u00e9sence, notamment, du parrain de l\u2019\u00e9dition, Traor\u00e9 Abdoul Aziz, du pr\u00e9sident d\u2019honneur, Hamadou Djand\u00e9, du commissaire de police, d\u2019un repr\u00e9sentant du chef du village, d\u2019autorit\u00e9s coutumi\u00e8res et religieuses, ainsi que de conseillers municipaux. Leur participation a soulign\u00e9 l\u2019int\u00e9r\u00eat accord\u00e9 \u00e0 cette initiative port\u00e9e par la jeunesse locale.<\/p>\n<p>Au nom de l\u2019association, le pr\u00e9sident de la JLS, Diarra Daouda, a souhait\u00e9 la bienvenue aux invit\u00e9s et aux participants. Il a rappel\u00e9 que ce tournoi s\u2019inscrit dans la vision de l\u2019organisation, ax\u00e9e sur l\u2019action citoyenne, le leadership communautaire et le partage. Il a \u00e9galement remerci\u00e9 les partenaires et les soutiens de la JLS pour leur accompagnement.<\/p>\n<p>Au-del\u00e0 de la comp\u00e9tition, le tournoi se veut un espace de rencontres favorisant la fraternit\u00e9 et la solidarit\u00e9. La p\u00e9tanque, discipline accessible \u00e0 tous, a servi de vecteur pour encourager les \u00e9changes interg\u00e9n\u00e9rationnels et renforcer les liens sociaux dans la localit\u00e9.<\/p>\n<p>&nbsp;<\/p>\n<figure id=\"attachment_41572\" aria-describedby=\"caption-attachment-41572\" style=\"width: 249px\" class=\"wp-caption alignnone\"><img loading=\"lazy\" decoding=\"async\" class=\"size-medium wp-image-41572\" src=\"https:\/\/www.lintelligentdabidjan.info\/news\/wp-content\/uploads\/2025\/12\/WhatsApp-Image-2025-12-23-at-23.33.23-249x300.jpeg\" alt=\"\" width=\"249\" height=\"300\" srcset=\"https:\/\/www.lintelligentdabidjan.info\/news\/wp-content\/uploads\/2025\/12\/WhatsApp-Image-2025-12-23-at-23.33.23-249x300.jpeg 249w, https:\/\/www.lintelligentdabidjan.info\/news\/wp-content\/uploads\/2025\/12\/WhatsApp-Image-2025-12-23-at-23.33.23-851x1024.jpeg 851w, https:\/\/www.lintelligentdabidjan.info\/news\/wp-content\/uploads\/2025\/12\/WhatsApp-Image-2025-12-23-at-23.33.23-768x924.jpeg 768w, https:\/\/www.lintelligentdabidjan.info\/news\/wp-content\/uploads\/2025\/12\/WhatsApp-Image-2025-12-23-at-23.33.23-696x837.jpeg 696w, https:\/\/www.lintelligentdabidjan.info\/news\/wp-content\/uploads\/2025\/12\/WhatsApp-Image-2025-12-23-at-23.33.23-349x420.jpeg 349w, https:\/\/www.lintelligentdabidjan.info\/news\/wp-content\/uploads\/2025\/12\/WhatsApp-Image-2025-12-23-at-23.33.23.jpeg 898w\" sizes=\"auto, (max-width: 249px) 100vw, 249px\" \/><figcaption id=\"caption-attachment-41572\" class=\"wp-caption-text\">De la gauche \u00e0 droite Salif O ,Diarra D et Yaya T<\/figcaption><\/figure>\n<p>Les organisateurs ont salu\u00e9 l\u2019engagement des membres de la JLS, en particulier des responsables du comit\u00e9 d\u2019organisation, Traor\u00e9 Yaya et Salif Ou\u00e9draogo, pour leur contribution \u00e0 la r\u00e9ussite de cette \u00e9dition.<\/p>\n<p>Ouverte \u00e0 toutes les couches sociales, cette activit\u00e9 s\u2019inscrit dans une dynamique de promotion durable de la paix et de la <a href=\"https:\/\/coso.ci\/index.php\/actualites\/actualites-et-activites-du-coso\/99-actions-menees\/166-cohesion-sociale-le-projet-coso-jette-les-bases-dune-formalisation-avec-les-radios-de-proximite\" target=\"_blank\" rel=\"noopener\">coh\u00e9sion sociale<\/a> dans la r\u00e9gion du Sud-Como\u00e9, \u00e0 travers l\u2019implication active de la jeunesse.<\/p>\n<p>&nbsp;<\/p>\n<p><strong>Yaya T<\/strong><\/p>\n<p>&nbsp;<\/p>\n<p>&nbsp;<\/p>\n<p>&nbsp;<\/p>\n<p>&nbsp;<\/p>\n<p>&nbsp;<\/p>\n","protected":false},"excerpt":{"rendered":"<p>Les Jeunes Leaders de Samo (JLS) ont organis\u00e9, le dimanche 21 d\u00e9cembre 2025, la deuxi\u00e8me \u00e9dition de leur Tournoi de p\u00e9tanque, une initiative visant \u00e0 promouvoir la coh\u00e9sion sociale et le vivre-ensemble au sein de la communaut\u00e9. L\u2019\u00e9v\u00e9nement a r\u00e9uni des autorit\u00e9s administratives et locales, des leaders communautaires, des repr\u00e9sentants d\u2019associations, des partenaires ainsi que [&hellip;]<\/p>\n","protected":false},"author":4,"featured_media":41569,"comment_status":"closed","ping_status":"closed","sticky":false,"template":"","format":"standard","meta":{"_monsterinsights_skip_tracking":false,"_monsterinsights_sitenote_active":false,"_monsterinsights_sitenote_note":"","_monsterinsights_sitenote_category":0,"footnotes":""},"categories":[2,23],"tags":[6077,1946,1948,6688],"class_list":["post-41568","post","type-post","status-publish","format-standard","has-post-thumbnail","hentry","category-featured","category-sport","tag-la-cohesion-sociale","tag-la-jls","tag-samo","tag-tournoi-de-petanque"],"_links":{"self":[{"href":"https:\/\/www.lintelligentdabidjan.info\/news\/wp-json\/wp\/v2\/posts\/41568","targetHints":{"allow":["GET"]}}],"collection":[{"href":"https:\/\/www.lintelligentdabidjan.info\/news\/wp-json\/wp\/v2\/posts"}],"about":[{"href":"https:\/\/www.lintelligentdabidjan.info\/news\/wp-json\/wp\/v2\/types\/post"}],"author":[{"embeddable":true,"href":"https:\/\/www.lintelligentdabidjan.info\/news\/wp-json\/wp\/v2\/users\/4"}],"replies":[{"embeddable":true,"href":"https:\/\/www.lintelligentdabidjan.info\/news\/wp-json\/wp\/v2\/comments?post=41568"}],"version-history":[{"count":1,"href":"https:\/\/www.lintelligentdabidjan.info\/news\/wp-json\/wp\/v2\/posts\/41568\/revisions"}],"predecessor-version":[{"id":41574,"href":"https:\/\/www.lintelligentdabidjan.info\/news\/wp-json\/wp\/v2\/posts\/41568\/revisions\/41574"}],"wp:featuredmedia":[{"embeddable":true,"href":"https:\/\/www.lintelligentdabidjan.info\/news\/wp-json\/wp\/v2\/media\/41569"}],"wp:attachment":[{"href":"https:\/\/www.lintelligentdabidjan.info\/news\/wp-json\/wp\/v2\/media?parent=41568"}],"wp:term":[{"taxonomy":"category","embeddable":true,"href":"https:\/\/www.lintelligentdabidjan.info\/news\/wp-json\/wp\/v2\/categories?post=41568"},{"taxonomy":"post_tag","embeddable":true,"href":"https:\/\/www.lintelligentdabidjan.info\/news\/wp-json\/wp\/v2\/tags?post=41568"}],"curies":[{"name":"wp","href":"https:\/\/api.w.org\/{rel}","templated":true}]}}