{"id":41580,"date":"2025-12-24T09:03:18","date_gmt":"2025-12-24T08:03:18","guid":{"rendered":"https:\/\/www.lintelligentdabidjan.info\/news\/?p=41580"},"modified":"2025-12-24T10:12:48","modified_gmt":"2025-12-24T09:12:48","slug":"lintelligent-en-pdf-concerts-et-evenements-en-cote-divoire-plus-de-places-pour-les-hors-la-loi-francoise-remarck-explique","status":"publish","type":"post","link":"https:\/\/www.lintelligentdabidjan.info\/news\/lintelligent-en-pdf-concerts-et-evenements-en-cote-divoire-plus-de-places-pour-les-hors-la-loi-francoise-remarck-explique\/","title":{"rendered":"\u00a0L&#8217;Intelligent en PDF:   Concerts et \u00e9v\u00e9nements en C\u00f4te d\u2019Ivoire   Plus de places pour les hors la loi : Fran\u00e7oise Remarck explique \u2026."},"content":{"rendered":"<div><strong>Le minist\u00e8re de la Culture et de la Francophonie a pr\u00e9sent\u00e9, le mardi 23 d\u00e9cembre 2025, \u00e0 Abidjan-Plateau, l\u2019Arr\u00eat\u00e9 n\u00b0750\/MCF\/CAB du 14 octobre 2025 portant r\u00e9glementation des entrepreneurs de spectacles vivants en C\u00f4te d\u2019Ivoire. La c\u00e9r\u00e9monie s\u2019est tenue au Mus\u00e9e des civilisations, en pr\u00e9sence d\u2019acteurs du secteur culturel. Qu&#8217;est ce que Fran\u00e7oise Remarck a dit \u00e0 cette occasion?\u00a0<\/strong><\/div>\n<div><\/div>\n<div>Article \u00e0 d\u00e9couvrir dans vos kiosques et en ligne sur&#8230;<\/div>\n<div><a href=\"https:\/\/news.abidjan.net\/titrologie\/39-lintelligent-dabidjan\/articles\" target=\"_blank\" rel=\"noopener\">https:\/\/news.abidjan.net\/titrologie\/39-lintelligent-dabidjan\/articles<\/a><\/div>\n<div><\/div>\n<div>\u00c0\u00a0 \u00a0lire aussi la Fondation Children of Africa fait des dons \u00e0 Assinie;\u00a0 Le contr\u00f4le sanitaire des denr\u00e9es animales\u00a0 renforc\u00e9 pendant les f\u00eates de fin d\u2019ann\u00e9e 2025, Des cadeaux pour 6 mille enfants \u00e0 Abobo, 1100 cadeaux \u00e0 des enfants \u00e0 Toit-Rouge, Sideci et Andokoi, les \u00e9chos de la campagne du Rhdp \u00e0 Abobo, Divo sous-pr\u00e9fecture , Vaou , Toulepleu et Cocody<\/div>\n<div><\/div>\n<div><a href=\"https:\/\/www.afrikipresse.fr\/abonnement\" target=\"_blank\" rel=\"noopener\">https:\/\/www.afrikipresse.fr\/abonnement<\/a><\/div>\n<div><\/div>\n<div>\u00a0 \u00c0 voir \u00e9galement\u00a0 7200 forces pour s\u00e9curiser \u00a0les f\u00eates de fin d\u2019ann\u00e9e.<\/div>\n<div><a href=\"https:\/\/www.pressecotedivoire.fr\/titrologie\" target=\"_blank\" rel=\"noopener\">https:\/\/www.pressecotedivoire.fr\/titrologie<\/a><\/div>\n<div><\/div>\n","protected":false},"excerpt":{"rendered":"<p>Le minist\u00e8re de la Culture et de la Francophonie a pr\u00e9sent\u00e9, le mardi 23 d\u00e9cembre 2025, \u00e0 Abidjan-Plateau, l\u2019Arr\u00eat\u00e9 n\u00b0750\/MCF\/CAB du 14 octobre 2025 portant r\u00e9glementation des entrepreneurs de spectacles vivants en C\u00f4te d\u2019Ivoire. La c\u00e9r\u00e9monie s\u2019est tenue au Mus\u00e9e des civilisations, en pr\u00e9sence d\u2019acteurs du secteur culturel. Qu&#8217;est ce que Fran\u00e7oise Remarck a dit [&hellip;]<\/p>\n","protected":false},"author":4,"featured_media":41581,"comment_status":"closed","ping_status":"closed","sticky":false,"template":"","format":"standard","meta":{"_monsterinsights_skip_tracking":false,"_monsterinsights_sitenote_active":false,"_monsterinsights_sitenote_note":"","_monsterinsights_sitenote_category":0,"footnotes":""},"categories":[2,3],"tags":[],"class_list":["post-41580","post","type-post","status-publish","format-standard","has-post-thumbnail","hentry","category-featured","category-societe"],"_links":{"self":[{"href":"https:\/\/www.lintelligentdabidjan.info\/news\/wp-json\/wp\/v2\/posts\/41580","targetHints":{"allow":["GET"]}}],"collection":[{"href":"https:\/\/www.lintelligentdabidjan.info\/news\/wp-json\/wp\/v2\/posts"}],"about":[{"href":"https:\/\/www.lintelligentdabidjan.info\/news\/wp-json\/wp\/v2\/types\/post"}],"author":[{"embeddable":true,"href":"https:\/\/www.lintelligentdabidjan.info\/news\/wp-json\/wp\/v2\/users\/4"}],"replies":[{"embeddable":true,"href":"https:\/\/www.lintelligentdabidjan.info\/news\/wp-json\/wp\/v2\/comments?post=41580"}],"version-history":[{"count":1,"href":"https:\/\/www.lintelligentdabidjan.info\/news\/wp-json\/wp\/v2\/posts\/41580\/revisions"}],"predecessor-version":[{"id":41582,"href":"https:\/\/www.lintelligentdabidjan.info\/news\/wp-json\/wp\/v2\/posts\/41580\/revisions\/41582"}],"wp:featuredmedia":[{"embeddable":true,"href":"https:\/\/www.lintelligentdabidjan.info\/news\/wp-json\/wp\/v2\/media\/41581"}],"wp:attachment":[{"href":"https:\/\/www.lintelligentdabidjan.info\/news\/wp-json\/wp\/v2\/media?parent=41580"}],"wp:term":[{"taxonomy":"category","embeddable":true,"href":"https:\/\/www.lintelligentdabidjan.info\/news\/wp-json\/wp\/v2\/categories?post=41580"},{"taxonomy":"post_tag","embeddable":true,"href":"https:\/\/www.lintelligentdabidjan.info\/news\/wp-json\/wp\/v2\/tags?post=41580"}],"curies":[{"name":"wp","href":"https:\/\/api.w.org\/{rel}","templated":true}]}}