{"id":41606,"date":"2025-12-25T00:29:08","date_gmt":"2025-12-24T23:29:08","guid":{"rendered":"https:\/\/www.lintelligentdabidjan.info\/news\/?p=41606"},"modified":"2025-12-25T00:29:12","modified_gmt":"2025-12-24T23:29:12","slug":"deuxieme-edition-de-la-celebration-de-la-paix-claude-sahi-parle-de-la-portee-symbolique-de-levenement","status":"publish","type":"post","link":"https:\/\/www.lintelligentdabidjan.info\/news\/deuxieme-edition-de-la-celebration-de-la-paix-claude-sahi-parle-de-la-portee-symbolique-de-levenement\/","title":{"rendered":"Deuxi\u00e8me \u00e9dition de la C\u00e9l\u00e9bration de la Paix:  Claude Sahi parle de la port\u00e9e symbolique de l\u2019\u00e9v\u00e9nement"},"content":{"rendered":"<p><em><strong>La Haute Cellule de Pri\u00e8re Interconfessionnelle pour la Paix (Hcpip), en partenariat avec l\u2019association Al Ghadir, a organis\u00e9 la deuxi\u00e8me \u00e9dition de la C\u00e9l\u00e9bration de la Paix, le samedi 20 d\u00e9cembre 2025, au complexe sportif Al Zahra d\u2019Abidjan-Marcory, au sein de la mosqu\u00e9e libanaise.<\/strong><\/em><\/p>\n<p>&nbsp;<\/p>\n<p>Plac\u00e9e sous la pr\u00e9sidence de l\u2019ambassadeur Claude Sahi, chef de cabinet du pr\u00e9sident de la R\u00e9publique, cette initiative a \u00e9t\u00e9 d\u00e9di\u00e9e \u00e0 la promotion de la paix, de la coh\u00e9sion sociale et du bien-\u00eatre des enfants. Plus de 500 enfants ivoiriens et libanais y ont pris part, illustrant un message fort d\u2019unit\u00e9 et de vivre-ensemble.<\/p>\n<p>&nbsp;<\/p>\n<p>Dans son intervention, Claude Sahi a soulign\u00e9 la port\u00e9e symbolique de l\u2019\u00e9v\u00e9nement, marqu\u00e9e notamment par l\u2019interpr\u00e9tation des hymnes nationaux de la C\u00f4te d\u2019Ivoire et du Liban. \u00ab\u202fCe regroupement n&#8217;est pas seulement festif. Nous avons chant\u00e9 l&#8217;hymne national de la C\u00f4te d&#8217;Ivoire et celui du Liban. C&#8217;est la d\u00e9monstration palpable de la fusion entre deux peuples, deux populations, deux nations. R\u00e9ussir \u00e0 organiser une activit\u00e9 qui r\u00e9unit des enfants libanais et ivoiriens, c&#8217;est exceptionnel\u202f\u00bb, a-t-il d\u00e9clar\u00e9. Il a, par ailleurs, pris l\u2019engagement de mobiliser l\u2019appui de la pr\u00e9sidence de la R\u00e9publique afin de p\u00e9renniser cette c\u00e9l\u00e9bration.<\/p>\n<p>&nbsp;<\/p>\n<p>De son c\u00f4t\u00e9, l\u2019Imam Cheick Moustafa Chaalan, de la mosqu\u00e9e Al-Mahdi, a rappel\u00e9 l\u2019importance des valeurs d\u2019amour et de fraternit\u00e9. \u00ab\u202fVous \u00eates notre espoir, notre avenir. Le Festival de l\u2019Amour et de la Fraternit\u00e9 que nous avons pr\u00e9par\u00e9 pour vous vise \u00e0 semer ces valeurs dans vos c\u0153urs purs d\u00e8s le plus jeune \u00e2ge\u202f\u00bb, a-t-il affirm\u00e9. Pour Awada Hussein, membre du comit\u00e9 d\u2019organisation, l\u2019objectif est pleinement atteint. Voir les enfants jouer ensemble, dans la joie et l\u2019esp\u00e9rance, constitue, selon lui, \u00ab\u202fle plus beau cadeau de No\u00ebl\u202f\u00bb.<\/p>\n<p><strong>Olivier Dion avec A. Traor\u00e9 avec sercom<\/strong><\/p>\n<p>&nbsp;<\/p>\n","protected":false},"excerpt":{"rendered":"<p>La Haute Cellule de Pri\u00e8re Interconfessionnelle pour la Paix (Hcpip), en partenariat avec l\u2019association Al Ghadir, a organis\u00e9 la deuxi\u00e8me \u00e9dition de la C\u00e9l\u00e9bration de la Paix, le samedi 20 d\u00e9cembre 2025, au complexe sportif Al Zahra d\u2019Abidjan-Marcory, au sein de la mosqu\u00e9e libanaise. &nbsp; Plac\u00e9e sous la pr\u00e9sidence de l\u2019ambassadeur Claude Sahi, chef de [&hellip;]<\/p>\n","protected":false},"author":4,"featured_media":41607,"comment_status":"closed","ping_status":"closed","sticky":false,"template":"","format":"standard","meta":{"_monsterinsights_skip_tracking":false,"_monsterinsights_sitenote_active":false,"_monsterinsights_sitenote_note":"","_monsterinsights_sitenote_category":0,"footnotes":""},"categories":[2,3],"tags":[6707,5389,6585,6709,6708],"class_list":["post-41606","post","type-post","status-publish","format-standard","has-post-thumbnail","hentry","category-featured","category-societe","tag-claude-sahi","tag-deuxieme-edition","tag-levenement","tag-la-celebration-de-la-paix","tag-symbolique"],"_links":{"self":[{"href":"https:\/\/www.lintelligentdabidjan.info\/news\/wp-json\/wp\/v2\/posts\/41606","targetHints":{"allow":["GET"]}}],"collection":[{"href":"https:\/\/www.lintelligentdabidjan.info\/news\/wp-json\/wp\/v2\/posts"}],"about":[{"href":"https:\/\/www.lintelligentdabidjan.info\/news\/wp-json\/wp\/v2\/types\/post"}],"author":[{"embeddable":true,"href":"https:\/\/www.lintelligentdabidjan.info\/news\/wp-json\/wp\/v2\/users\/4"}],"replies":[{"embeddable":true,"href":"https:\/\/www.lintelligentdabidjan.info\/news\/wp-json\/wp\/v2\/comments?post=41606"}],"version-history":[{"count":1,"href":"https:\/\/www.lintelligentdabidjan.info\/news\/wp-json\/wp\/v2\/posts\/41606\/revisions"}],"predecessor-version":[{"id":41608,"href":"https:\/\/www.lintelligentdabidjan.info\/news\/wp-json\/wp\/v2\/posts\/41606\/revisions\/41608"}],"wp:featuredmedia":[{"embeddable":true,"href":"https:\/\/www.lintelligentdabidjan.info\/news\/wp-json\/wp\/v2\/media\/41607"}],"wp:attachment":[{"href":"https:\/\/www.lintelligentdabidjan.info\/news\/wp-json\/wp\/v2\/media?parent=41606"}],"wp:term":[{"taxonomy":"category","embeddable":true,"href":"https:\/\/www.lintelligentdabidjan.info\/news\/wp-json\/wp\/v2\/categories?post=41606"},{"taxonomy":"post_tag","embeddable":true,"href":"https:\/\/www.lintelligentdabidjan.info\/news\/wp-json\/wp\/v2\/tags?post=41606"}],"curies":[{"name":"wp","href":"https:\/\/api.w.org\/{rel}","templated":true}]}}