{"id":41617,"date":"2025-12-25T19:59:06","date_gmt":"2025-12-25T18:59:06","guid":{"rendered":"https:\/\/www.lintelligentdabidjan.info\/news\/?p=41617"},"modified":"2025-12-25T20:05:23","modified_gmt":"2025-12-25T19:05:23","slug":"can-2025-wilfried-zaha-nous-devons-marquer-plus-de-buts","status":"publish","type":"post","link":"https:\/\/www.lintelligentdabidjan.info\/news\/can-2025-wilfried-zaha-nous-devons-marquer-plus-de-buts\/","title":{"rendered":"CAN 2025 \u2013 Wilfried Zaha : \u00ab Nous devons marquer plus de buts \u00bb"},"content":{"rendered":"<p>Titularis\u00e9 \u00e0 la pointe de l\u2019attaque lors de la victoire de la C\u00f4te d\u2019Ivoire face au Mozambique (1-0), Wilfried Zaha a montr\u00e9 des choses int\u00e9ressantes lors de la premi\u00e8re journ\u00e9e du groupe F de la Coupe d\u2019Afrique des Nations (CAN) 2025. La rencontre s\u2019est disput\u00e9e le mercredi 24 d\u00e9cembre 2025 au Grand Stade de Marrakech.<\/p>\n<p>Si les \u00c9l\u00e9phants, champions d\u2019Afrique en titre, ont assur\u00e9 l\u2019essentiel en d\u00e9crochant les trois points, l\u2019attaquant ivoirien reconna\u00eet, \u00e0 l\u2019image de l\u2019ensemble du groupe, un manque de r\u00e9alisme offensif. En zone mixte \u00e0 l\u2019issue de la rencontre, Wilfried Zaha n\u2019a pas esquiv\u00e9 le sujet.<\/p>\n<ul>\n<li>\u00ab <em>Nous devons \u00eatre plus m\u00e9chants devant le but. Nous avons marqu\u00e9 un but, mais nous devons surtout concr\u00e9tiser les occasions que nous nous cr\u00e9ons. Si tu ne marques pas, l\u2019adversaire peut toujours avoir une chance \u00e0 la fin et inscrire son but<\/em> \u00bb, a-t-il d\u00e9clar\u00e9.<\/li>\n<\/ul>\n<p>Pour l\u2019ailier des \u00c9l\u00e9phants, l\u2019am\u00e9lioration de l\u2019efficacit\u00e9 offensive sera d\u00e9terminante afin d\u2019aborder la suite de la comp\u00e9tition avec plus de s\u00e9r\u00e9nit\u00e9 et \u00e9viter toute mauvaise surprise dans un tournoi aussi relev\u00e9 que la CAN.<\/p>\n<p>La C\u00f4te d\u2019Ivoire affrontera le Cameroun le dimanche 28 d\u00e9cembre 2025, toujours au Grand Stade de Marrakech, pour le compte de la deuxi\u00e8me journ\u00e9e du groupe F. Un choc que Wilfried Zaha aborde avec calme et lucidit\u00e9. \u00ab <em>Jouer contre le Cameroun ne change rien. La cl\u00e9 de cette rencontre, c\u2019est la solidarit\u00e9, le s\u00e9rieux et l\u2019efficacit\u00e9. Nous devons jouer ensemble et essayer de marquer plus de buts<\/em> \u00bb, a insist\u00e9 l\u2019attaquant.<\/p>\n<p>Conscient de son r\u00f4le au sein du collectif, Wilfried Zaha se projette d\u00e9j\u00e0 vers l\u2019avenir. \u00ab <em>Je vais essayer de donner le meilleur de moi-m\u00eame pour tirer l\u2019\u00e9quipe vers le haut. C\u2019\u00e9tait notre premier match ensemble, et avec le temps, nous allons mieux nous comprendre pour \u00eatre plus efficaces. <\/em>\u00bb, a-t-il promis<\/p>\n<p>Ange Kouadio, \u00e0 Marrakech<\/p>\n","protected":false},"excerpt":{"rendered":"<p>Titularis\u00e9 \u00e0 la pointe de l\u2019attaque lors de la victoire de la C\u00f4te d\u2019Ivoire face au Mozambique (1-0), Wilfried Zaha a montr\u00e9 des choses int\u00e9ressantes lors de la premi\u00e8re journ\u00e9e du groupe F de la Coupe d\u2019Afrique des Nations (CAN) 2025. La rencontre s\u2019est disput\u00e9e le mercredi 24 d\u00e9cembre 2025 au Grand Stade de Marrakech. [&hellip;]<\/p>\n","protected":false},"author":4,"featured_media":41618,"comment_status":"closed","ping_status":"closed","sticky":false,"template":"","format":"standard","meta":{"_monsterinsights_skip_tracking":false,"_monsterinsights_sitenote_active":false,"_monsterinsights_sitenote_note":"","_monsterinsights_sitenote_category":0,"footnotes":""},"categories":[2,23],"tags":[],"class_list":["post-41617","post","type-post","status-publish","format-standard","has-post-thumbnail","hentry","category-featured","category-sport"],"_links":{"self":[{"href":"https:\/\/www.lintelligentdabidjan.info\/news\/wp-json\/wp\/v2\/posts\/41617","targetHints":{"allow":["GET"]}}],"collection":[{"href":"https:\/\/www.lintelligentdabidjan.info\/news\/wp-json\/wp\/v2\/posts"}],"about":[{"href":"https:\/\/www.lintelligentdabidjan.info\/news\/wp-json\/wp\/v2\/types\/post"}],"author":[{"embeddable":true,"href":"https:\/\/www.lintelligentdabidjan.info\/news\/wp-json\/wp\/v2\/users\/4"}],"replies":[{"embeddable":true,"href":"https:\/\/www.lintelligentdabidjan.info\/news\/wp-json\/wp\/v2\/comments?post=41617"}],"version-history":[{"count":2,"href":"https:\/\/www.lintelligentdabidjan.info\/news\/wp-json\/wp\/v2\/posts\/41617\/revisions"}],"predecessor-version":[{"id":41620,"href":"https:\/\/www.lintelligentdabidjan.info\/news\/wp-json\/wp\/v2\/posts\/41617\/revisions\/41620"}],"wp:featuredmedia":[{"embeddable":true,"href":"https:\/\/www.lintelligentdabidjan.info\/news\/wp-json\/wp\/v2\/media\/41618"}],"wp:attachment":[{"href":"https:\/\/www.lintelligentdabidjan.info\/news\/wp-json\/wp\/v2\/media?parent=41617"}],"wp:term":[{"taxonomy":"category","embeddable":true,"href":"https:\/\/www.lintelligentdabidjan.info\/news\/wp-json\/wp\/v2\/categories?post=41617"},{"taxonomy":"post_tag","embeddable":true,"href":"https:\/\/www.lintelligentdabidjan.info\/news\/wp-json\/wp\/v2\/tags?post=41617"}],"curies":[{"name":"wp","href":"https:\/\/api.w.org\/{rel}","templated":true}]}}