{"id":41646,"date":"2025-12-25T21:42:24","date_gmt":"2025-12-25T20:42:24","guid":{"rendered":"https:\/\/www.lintelligentdabidjan.info\/news\/?p=41646"},"modified":"2025-12-25T21:43:07","modified_gmt":"2025-12-25T20:43:07","slug":"legislatives-2025-a-abobo-diabate-beh-vice-president-fpi-appelle-ses-militants-a-voter-pour-le-rhdp","status":"publish","type":"post","link":"https:\/\/www.lintelligentdabidjan.info\/news\/legislatives-2025-a-abobo-diabate-beh-vice-president-fpi-appelle-ses-militants-a-voter-pour-le-rhdp\/","title":{"rendered":"L\u00e9gislatives 2025 \u00e0 Abobo : Diabat\u00e9 B\u00eah, vice-pr\u00e9sident Fpi appelle ses militants \u00e0 voter pour le Rhdp"},"content":{"rendered":"<p>Un meeting de ralliement et de soutien aux partis politiques partenaires de la liste du Rassemblement des Houphou\u00e9tistes pour la D\u00e9mocratie et la Paix (Rhdp), coupl\u00e9 \u00e0 un arbre de No\u00ebl, s\u2019est tenu le mercredi 24 d\u00e9cembre 2025 au sein de la Mission Pentec\u00f4tiste du Saint-Esprit, \u00e0 Abobo Plaque 2.<\/p>\n<p>\u00c0 cette occasion, Diabat\u00e9 B\u00eah, vice-pr\u00e9sident du Front Populaire Ivoirien (Les dissidents \u00e0 Affi N&#8217;Guessan) et 8\u00e8 adjoint au maire d\u2019Abobo, a appel\u00e9 ses militants \u00e0 soutenir la liste Rhdp lors des \u00e9lections l\u00e9gislatives pr\u00e9vues le 27 d\u00e9cembre 2025.<\/p>\n<p>\u00ab <em>Nous, militants du Fpi \u00e0 Abobo, appelons tous nos militants \u00e0 voter le Rhdp. Nous ne sommes pas militants du Rhdp, mais quand quelqu&#8217;un travaille bien, il faut le reconna\u00eetre. Pour nous, dire \u00e0 ton adversaire politique qu&#8217;il travaille bien, ce n&#8217;est pas une faiblesse. Le 27 d\u00e9cembre, c&#8217;est un autre jour. Sortez et allez voter maximum pour la liste du Rhdp<\/em> \u00bb, a-t-il d\u00e9clar\u00e9.<\/p>\n<p>Il a par ailleurs exhort\u00e9 ses partisans au respect strict des institutions de la R\u00e9publique, soulignant que la C\u00f4te d\u2019Ivoire a besoin de paix et de stabilit\u00e9. Kandia Camara, maire d\u2019Abobo et directrice r\u00e9gionale de campagne pour les l\u00e9gislatives dans la commune, a salu\u00e9 cette prise de position. Elle a remerci\u00e9 Diabat\u00e9 B\u00eah pour son engagement et appel\u00e9 \u00e0 une mobilisation massive.<\/p>\n<p>\u00ab <em>Nous comptons sur nos fr\u00e8res et s\u0153urs du Front populaire ivoirien, samedi prochain. Le samedi 27 d\u00e9cembre, nous comptons sur vos d\u00e9placements massifs pour aller voter pour la liste du Rhdp \u00e0 Abobo conduite par le ministre T\u00e9n\u00e9 Birahima Ouattara \u00bb<\/em>, a-t-elle lanc\u00e9.<\/p>\n<p>La c\u00e9r\u00e9monie a \u00e9galement \u00e9t\u00e9 marqu\u00e9e par l\u2019organisation d\u2019un arbre de No\u00ebl en l\u2019honneur de plus de 500 enfants, dans une ambiance de joie et de convivialit\u00e9.<\/p>\n<p>Tour\u00e9 Abdoulaye avec A. Traor\u00e9<\/p>\n<p>&nbsp;<\/p>\n<p>&nbsp;<\/p>\n","protected":false},"excerpt":{"rendered":"<p>Un meeting de ralliement et de soutien aux partis politiques partenaires de la liste du Rassemblement des Houphou\u00e9tistes pour la D\u00e9mocratie et la Paix (Rhdp), coupl\u00e9 \u00e0 un arbre de No\u00ebl, s\u2019est tenu le mercredi 24 d\u00e9cembre 2025 au sein de la Mission Pentec\u00f4tiste du Saint-Esprit, \u00e0 Abobo Plaque 2. \u00c0 cette occasion, Diabat\u00e9 B\u00eah, [&hellip;]<\/p>\n","protected":false},"author":4,"featured_media":41647,"comment_status":"closed","ping_status":"closed","sticky":false,"template":"","format":"standard","meta":{"_monsterinsights_skip_tracking":false,"_monsterinsights_sitenote_active":false,"_monsterinsights_sitenote_note":"","_monsterinsights_sitenote_category":0,"footnotes":""},"categories":[2,17],"tags":[],"class_list":["post-41646","post","type-post","status-publish","format-standard","has-post-thumbnail","hentry","category-featured","category-politique"],"_links":{"self":[{"href":"https:\/\/www.lintelligentdabidjan.info\/news\/wp-json\/wp\/v2\/posts\/41646","targetHints":{"allow":["GET"]}}],"collection":[{"href":"https:\/\/www.lintelligentdabidjan.info\/news\/wp-json\/wp\/v2\/posts"}],"about":[{"href":"https:\/\/www.lintelligentdabidjan.info\/news\/wp-json\/wp\/v2\/types\/post"}],"author":[{"embeddable":true,"href":"https:\/\/www.lintelligentdabidjan.info\/news\/wp-json\/wp\/v2\/users\/4"}],"replies":[{"embeddable":true,"href":"https:\/\/www.lintelligentdabidjan.info\/news\/wp-json\/wp\/v2\/comments?post=41646"}],"version-history":[{"count":1,"href":"https:\/\/www.lintelligentdabidjan.info\/news\/wp-json\/wp\/v2\/posts\/41646\/revisions"}],"predecessor-version":[{"id":41648,"href":"https:\/\/www.lintelligentdabidjan.info\/news\/wp-json\/wp\/v2\/posts\/41646\/revisions\/41648"}],"wp:featuredmedia":[{"embeddable":true,"href":"https:\/\/www.lintelligentdabidjan.info\/news\/wp-json\/wp\/v2\/media\/41647"}],"wp:attachment":[{"href":"https:\/\/www.lintelligentdabidjan.info\/news\/wp-json\/wp\/v2\/media?parent=41646"}],"wp:term":[{"taxonomy":"category","embeddable":true,"href":"https:\/\/www.lintelligentdabidjan.info\/news\/wp-json\/wp\/v2\/categories?post=41646"},{"taxonomy":"post_tag","embeddable":true,"href":"https:\/\/www.lintelligentdabidjan.info\/news\/wp-json\/wp\/v2\/tags?post=41646"}],"curies":[{"name":"wp","href":"https:\/\/api.w.org\/{rel}","templated":true}]}}