{"id":41655,"date":"2025-12-25T22:59:32","date_gmt":"2025-12-25T21:59:32","guid":{"rendered":"https:\/\/www.lintelligentdabidjan.info\/news\/?p=41655"},"modified":"2025-12-29T16:00:04","modified_gmt":"2025-12-29T15:00:04","slug":"legislatives-2025-long-fciex-renforce-les-capacites-des-relais-locaux-pour-les-elections-apaisees","status":"publish","type":"post","link":"https:\/\/www.lintelligentdabidjan.info\/news\/legislatives-2025-long-fciex-renforce-les-capacites-des-relais-locaux-pour-les-elections-apaisees\/","title":{"rendered":"LEGISLATIVES 2025:  L\u2019ONG FCIEX renforce les capacit\u00e9s des Relais locaux pour les \u00e9lections apais\u00e9es"},"content":{"rendered":"<p><strong>D\u00e9but\u00e9e le 19 d\u00e9cembre 2025 et pr\u00e9vue pour s\u2019achever le 5 janvier 2026, cette activit\u00e9 s\u2019inscrit dans le cadre du projet PROTECT, avec l\u2019appui financier du Consortium regroupant 4 organisations (FIDH, CIDDH, LIDHO et MIDH) soutenu par l\u2019Union europ\u00e9enne. Le projet vise \u00e0 renforcer la participation citoyenne pacifique et pr\u00e9venir les violences en p\u00e9riode \u00e9lectorale.<\/strong><\/p>\n<p>&nbsp;<\/p>\n<p>L\u2019objectif principal est de sensibiliser les jeunes, les femmes et l\u2019ensemble des populations des 16 villages de la sous-pr\u00e9fecture aux valeurs de d\u00e9mocratie participative, d\u2019\u00e9ducation civique, de citoyennet\u00e9, de coh\u00e9sion sociale et de participation responsable. \u00c0 cet effet, 30 relais communautaires ont \u00e9t\u00e9 form\u00e9s afin de relayer ces messages au sein de leurs communaut\u00e9s, avec pour ambition de toucher au moins 750 personnes \u00e0 travers des s\u00e9ances de restitution et de sensibilisation de proximit\u00e9.<\/p>\n<p>Le programme comprend \u00e9galement des dialogues communautaires sur les enjeux des \u00e9lections et la pr\u00e9vention des violences, ainsi que l\u2019\u00e9laboration de plans d\u2019action locaux. Ces activit\u00e9s devraient permettre de sensibiliser directement plus de 100 personnes lors des \u00e9changes collectifs, en compl\u00e9ment des actions men\u00e9es dans les villages.<\/p>\n<p>FCIEX fait partie des Organisations de la Soci\u00e9t\u00e9 Civile qui ont b\u00e9n\u00e9fici\u00e9 de l\u2019appui financier du Consortium. \u00c0 terme, cette initiative entend contribuer au renforcement de la coh\u00e9sion sociale et \u00e0 la confiance des populations dans les communaut\u00e9s locales,<br \/>\ndans un contexte \u00e9lectoral d\u00e9terminant pour l\u2019avenir du pays.<\/p>\n<p><strong>Jean Hubert Koffo<\/strong><\/p>\n","protected":false},"excerpt":{"rendered":"<p>D\u00e9but\u00e9e le 19 d\u00e9cembre 2025 et pr\u00e9vue pour s\u2019achever le 5 janvier 2026, cette activit\u00e9 s\u2019inscrit dans le cadre du projet PROTECT, avec l\u2019appui financier du Consortium regroupant 4 organisations (FIDH, CIDDH, LIDHO et MIDH) soutenu par l\u2019Union europ\u00e9enne. Le projet vise \u00e0 renforcer la participation citoyenne pacifique et pr\u00e9venir les violences en p\u00e9riode \u00e9lectorale. [&hellip;]<\/p>\n","protected":false},"author":4,"featured_media":41656,"comment_status":"closed","ping_status":"closed","sticky":false,"template":"","format":"standard","meta":{"_monsterinsights_skip_tracking":false,"_monsterinsights_sitenote_active":false,"_monsterinsights_sitenote_note":"","_monsterinsights_sitenote_category":0,"footnotes":""},"categories":[2,17],"tags":[6717,5331,6715,6371,6716,6718],"class_list":["post-41655","post","type-post","status-publish","format-standard","has-post-thumbnail","hentry","category-featured","category-politique","tag-des-defenseurs","tag-droits-humains","tag-long-fciex","tag-legislatives-2025","tag-les-capacites","tag-tie-ndiekro"],"_links":{"self":[{"href":"https:\/\/www.lintelligentdabidjan.info\/news\/wp-json\/wp\/v2\/posts\/41655","targetHints":{"allow":["GET"]}}],"collection":[{"href":"https:\/\/www.lintelligentdabidjan.info\/news\/wp-json\/wp\/v2\/posts"}],"about":[{"href":"https:\/\/www.lintelligentdabidjan.info\/news\/wp-json\/wp\/v2\/types\/post"}],"author":[{"embeddable":true,"href":"https:\/\/www.lintelligentdabidjan.info\/news\/wp-json\/wp\/v2\/users\/4"}],"replies":[{"embeddable":true,"href":"https:\/\/www.lintelligentdabidjan.info\/news\/wp-json\/wp\/v2\/comments?post=41655"}],"version-history":[{"count":3,"href":"https:\/\/www.lintelligentdabidjan.info\/news\/wp-json\/wp\/v2\/posts\/41655\/revisions"}],"predecessor-version":[{"id":41775,"href":"https:\/\/www.lintelligentdabidjan.info\/news\/wp-json\/wp\/v2\/posts\/41655\/revisions\/41775"}],"wp:featuredmedia":[{"embeddable":true,"href":"https:\/\/www.lintelligentdabidjan.info\/news\/wp-json\/wp\/v2\/media\/41656"}],"wp:attachment":[{"href":"https:\/\/www.lintelligentdabidjan.info\/news\/wp-json\/wp\/v2\/media?parent=41655"}],"wp:term":[{"taxonomy":"category","embeddable":true,"href":"https:\/\/www.lintelligentdabidjan.info\/news\/wp-json\/wp\/v2\/categories?post=41655"},{"taxonomy":"post_tag","embeddable":true,"href":"https:\/\/www.lintelligentdabidjan.info\/news\/wp-json\/wp\/v2\/tags?post=41655"}],"curies":[{"name":"wp","href":"https:\/\/api.w.org\/{rel}","templated":true}]}}