{"id":41661,"date":"2025-12-25T23:08:48","date_gmt":"2025-12-25T22:08:48","guid":{"rendered":"https:\/\/www.lintelligentdabidjan.info\/news\/?p=41661"},"modified":"2025-12-25T23:10:25","modified_gmt":"2025-12-25T22:10:25","slug":"cote-divoire-la-fondation-lonaci-inaugure-plusieurs-infrastructures-a-travers-le-pays","status":"publish","type":"post","link":"https:\/\/www.lintelligentdabidjan.info\/news\/cote-divoire-la-fondation-lonaci-inaugure-plusieurs-infrastructures-a-travers-le-pays\/","title":{"rendered":"C\u00f4te d&#8217;Ivoire:  la Fondation Lonaci  inaugure plusieurs infrastructures \u00e0 travers le pays"},"content":{"rendered":"<p><strong>La caravane du social de la Fondation Lonaci, entam\u00e9e le 6 d\u00e9cembre, s\u2019est achev\u00e9e le 17 d\u00e9cembre 2025 apr\u00e8s une tourn\u00e9e dans plusieurs r\u00e9gions de la C\u00f4te d\u2019Ivoire. Cette initiative visait \u00e0 renforcer les infrastructures sociales au profit des populations. La cl\u00f4ture de la caravane s\u2019est tenue \u00e0 Gu\u00e9zon (Kaad\u00e9, Guiglo), dans la r\u00e9gion du Cavally, avec la remise d\u2019un foyer polyvalent enti\u00e8rement construit et \u00e9quip\u00e9.La c\u00e9r\u00e9monie a \u00e9t\u00e9 pr\u00e9sid\u00e9e par Aboubakary Ouattara, directeur ex\u00e9cutif de la Fondation Lonaci, repr\u00e9sentant le pr\u00e9sident du conseil d\u2019administration, Dramane Coulibaly, \u00e9galement directeur g\u00e9n\u00e9ral de la Lonaci.<\/strong><\/p>\n<p>Au cours de cette tourn\u00e9e, plusieurs ouvrages ont \u00e9t\u00e9 remis aux communaut\u00e9s b\u00e9n\u00e9ficiaires. Le 9 d\u00e9cembre, \u00e0 Toranou, dans la sous-pr\u00e9fecture de Booko (r\u00e9gion du Bafing), un centre de sant\u00e9 int\u00e9gr\u00e9, comprenant un logement pour la sage-femme, a \u00e9t\u00e9 officiellement remis aux autorit\u00e9s locales. Le 11 d\u00e9cembre, \u00e0 Dingouin (Biankouma), dans la r\u00e9gion du Tonkpi, la Fondation a inaugur\u00e9 un groupe scolaire pr\u00e9scolaire, une cantine enti\u00e8rement r\u00e9habilit\u00e9e ainsi que des latrines de quatre cabines. Les 12 et 13 d\u00e9cembre, des foyers polyvalents construits et \u00e9quip\u00e9s ont \u00e9t\u00e9 remis aux populations de Gouran\u00e9 et de Melapleu, toujours dans le Tonkpi. S\u2019adressant aux b\u00e9n\u00e9ficiaires, Aboubakary Ouattara a soulign\u00e9 la port\u00e9e sociale de ces r\u00e9alisations. \u00ab\u202fVotre salle polyvalente n\u2019est pas faite seulement de murs et de toits. C\u2019est un espace de vie qui vous est destin\u00e9. Elle a \u00e9t\u00e9 con\u00e7ue pour \u00eatre un lieu de rassemblement, de partage et de convivialit\u00e9, o\u00f9 chacun pourra se retrouver, se divertir, se former et s\u2019exprimer\u202f\u00bb, a-t-il d\u00e9clar\u00e9. Cr\u00e9\u00e9e en 2019, la Fondation Lonaci, h\u00e9riti\u00e8re de la mission sociale de la Lonaci, intervient r\u00e9guli\u00e8rement dans les domaines de la sant\u00e9, de l\u2019\u00e9ducation et de la culture, en appui aux efforts de l\u2019\u00c9tat en mati\u00e8re de d\u00e9veloppement social.<\/p>\n<p><strong>Moustapha Ismaila<\/strong><\/p>\n","protected":false},"excerpt":{"rendered":"<p>La caravane du social de la Fondation Lonaci, entam\u00e9e le 6 d\u00e9cembre, s\u2019est achev\u00e9e le 17 d\u00e9cembre 2025 apr\u00e8s une tourn\u00e9e dans plusieurs r\u00e9gions de la C\u00f4te d\u2019Ivoire. Cette initiative visait \u00e0 renforcer les infrastructures sociales au profit des populations. La cl\u00f4ture de la caravane s\u2019est tenue \u00e0 Gu\u00e9zon (Kaad\u00e9, Guiglo), dans la r\u00e9gion du [&hellip;]<\/p>\n","protected":false},"author":4,"featured_media":41662,"comment_status":"closed","ping_status":"closed","sticky":false,"template":"","format":"standard","meta":{"_monsterinsights_skip_tracking":false,"_monsterinsights_sitenote_active":false,"_monsterinsights_sitenote_note":"","_monsterinsights_sitenote_category":0,"footnotes":""},"categories":[2,3],"tags":[77,2337,2575,6173,1862],"class_list":["post-41661","post","type-post","status-publish","format-standard","has-post-thumbnail","hentry","category-featured","category-societe","tag-cote-divoire","tag-inaugure","tag-infrastructures","tag-la-fondation-lonaci","tag-pays"],"_links":{"self":[{"href":"https:\/\/www.lintelligentdabidjan.info\/news\/wp-json\/wp\/v2\/posts\/41661","targetHints":{"allow":["GET"]}}],"collection":[{"href":"https:\/\/www.lintelligentdabidjan.info\/news\/wp-json\/wp\/v2\/posts"}],"about":[{"href":"https:\/\/www.lintelligentdabidjan.info\/news\/wp-json\/wp\/v2\/types\/post"}],"author":[{"embeddable":true,"href":"https:\/\/www.lintelligentdabidjan.info\/news\/wp-json\/wp\/v2\/users\/4"}],"replies":[{"embeddable":true,"href":"https:\/\/www.lintelligentdabidjan.info\/news\/wp-json\/wp\/v2\/comments?post=41661"}],"version-history":[{"count":1,"href":"https:\/\/www.lintelligentdabidjan.info\/news\/wp-json\/wp\/v2\/posts\/41661\/revisions"}],"predecessor-version":[{"id":41663,"href":"https:\/\/www.lintelligentdabidjan.info\/news\/wp-json\/wp\/v2\/posts\/41661\/revisions\/41663"}],"wp:featuredmedia":[{"embeddable":true,"href":"https:\/\/www.lintelligentdabidjan.info\/news\/wp-json\/wp\/v2\/media\/41662"}],"wp:attachment":[{"href":"https:\/\/www.lintelligentdabidjan.info\/news\/wp-json\/wp\/v2\/media?parent=41661"}],"wp:term":[{"taxonomy":"category","embeddable":true,"href":"https:\/\/www.lintelligentdabidjan.info\/news\/wp-json\/wp\/v2\/categories?post=41661"},{"taxonomy":"post_tag","embeddable":true,"href":"https:\/\/www.lintelligentdabidjan.info\/news\/wp-json\/wp\/v2\/tags?post=41661"}],"curies":[{"name":"wp","href":"https:\/\/api.w.org\/{rel}","templated":true}]}}