{"id":41684,"date":"2025-12-26T21:45:45","date_gmt":"2025-12-26T20:45:45","guid":{"rendered":"https:\/\/www.lintelligentdabidjan.info\/news\/?p=41684"},"modified":"2025-12-26T21:45:45","modified_gmt":"2025-12-26T20:45:45","slug":"divo-sous-prefecture-comment-amede-koffi-kouakou-a-boucle-sa-campagne","status":"publish","type":"post","link":"https:\/\/www.lintelligentdabidjan.info\/news\/divo-sous-prefecture-comment-amede-koffi-kouakou-a-boucle-sa-campagne\/","title":{"rendered":"Divo sous-pr\u00e9fecture :  Comment Am\u00e9d\u00e9 Koffi Kouakou a boucl\u00e9 sa campagne"},"content":{"rendered":"<p><strong>Le jeudi 25 d\u00e9cembre 2025, la sous-pr\u00e9fecture de Divo a connu une mobilisation \u00e0 l\u2019occasion de la parade de cl\u00f4ture de la campagne \u00e9lectorale d\u2019Am\u00e9d\u00e9 Koffi Kouakou, ministre et t\u00eate de liste du RHDP pour les \u00e9lections l\u00e9gislatives pr\u00e9vues le samedi 27 d\u00e9cembre 2025.<\/strong><\/p>\n<p>Co\u00efncidant avec la c\u00e9l\u00e9bration de No\u00ebl, cette journ\u00e9e a \u00e9t\u00e9 marqu\u00e9e par une s\u00e9rie de visites dans plusieurs localit\u00e9s de la circonscription. Le pr\u00e9sident du Conseil r\u00e9gional du L\u00f4h-Djiboua a partag\u00e9 des moments de convivialit\u00e9 avec les populations, en particulier les enfants.<br \/>\nInitialement pr\u00e9vue comme une simple parade, l\u2019initiative s\u2019est transform\u00e9e en une mobilisation populaire. Accompagn\u00e9 de sa colisti\u00e8re Adolphine Dagri et d\u2019une d\u00e9l\u00e9gation, Am\u00e9d\u00e9 Koffi Kouakou a sillonn\u00e9 plusieurs villages et quartiers, notamment N\u00e9bo, Kazo, Brabor\u00e9, Krezoukou\u00e9, Soubrelili\u00e9, Blidolili\u00e9 et Gn\u00e9hiri. \u00c0 Brabor\u00e9, les enfants ont \u00e9t\u00e9 particuli\u00e8rement mis \u00e0 l\u2019honneur \u00e0 travers une distribution de cadeaux. Le cort\u00e8ge a ensuite travers\u00e9 Ledou, Lagaz\u00e9, Gb\u00e9redi, Grobia, Yacoubakro, Ziki-Di\u00e8s, L\u00e9ri Penda, Gniguedougou, Labodougou, Ayahou, M\u2019Brakro et Doumbaro, o\u00f9 l\u2019accueil r\u00e9serv\u00e9 au candidat a t\u00e9moign\u00e9 d\u2019une mobilisation locale. Profitant de cette tourn\u00e9e, le candidat RHDP a sensibilis\u00e9 les populations sur le processus de vote et appel\u00e9 \u00e0 une participation citoyenne et responsable.<\/p>\n<p><strong>Olivier Dion avec Ly Abdul<\/strong><\/p>\n<p>&nbsp;<\/p>\n<p>&nbsp;<\/p>\n","protected":false},"excerpt":{"rendered":"<p>Le jeudi 25 d\u00e9cembre 2025, la sous-pr\u00e9fecture de Divo a connu une mobilisation \u00e0 l\u2019occasion de la parade de cl\u00f4ture de la campagne \u00e9lectorale d\u2019Am\u00e9d\u00e9 Koffi Kouakou, ministre et t\u00eate de liste du RHDP pour les \u00e9lections l\u00e9gislatives pr\u00e9vues le samedi 27 d\u00e9cembre 2025. Co\u00efncidant avec la c\u00e9l\u00e9bration de No\u00ebl, cette journ\u00e9e a \u00e9t\u00e9 marqu\u00e9e [&hellip;]<\/p>\n","protected":false},"author":4,"featured_media":41685,"comment_status":"closed","ping_status":"closed","sticky":false,"template":"","format":"standard","meta":{"_monsterinsights_skip_tracking":false,"_monsterinsights_sitenote_active":false,"_monsterinsights_sitenote_note":"","_monsterinsights_sitenote_category":0,"footnotes":""},"categories":[2,17],"tags":[6651,968,6729,6371,144],"class_list":["post-41684","post","type-post","status-publish","format-standard","has-post-thumbnail","hentry","category-featured","category-politique","tag-amede-koffi-kouakou","tag-divo","tag-divo-sous-prefecture","tag-legislatives-2025","tag-rhdp"],"_links":{"self":[{"href":"https:\/\/www.lintelligentdabidjan.info\/news\/wp-json\/wp\/v2\/posts\/41684","targetHints":{"allow":["GET"]}}],"collection":[{"href":"https:\/\/www.lintelligentdabidjan.info\/news\/wp-json\/wp\/v2\/posts"}],"about":[{"href":"https:\/\/www.lintelligentdabidjan.info\/news\/wp-json\/wp\/v2\/types\/post"}],"author":[{"embeddable":true,"href":"https:\/\/www.lintelligentdabidjan.info\/news\/wp-json\/wp\/v2\/users\/4"}],"replies":[{"embeddable":true,"href":"https:\/\/www.lintelligentdabidjan.info\/news\/wp-json\/wp\/v2\/comments?post=41684"}],"version-history":[{"count":1,"href":"https:\/\/www.lintelligentdabidjan.info\/news\/wp-json\/wp\/v2\/posts\/41684\/revisions"}],"predecessor-version":[{"id":41686,"href":"https:\/\/www.lintelligentdabidjan.info\/news\/wp-json\/wp\/v2\/posts\/41684\/revisions\/41686"}],"wp:featuredmedia":[{"embeddable":true,"href":"https:\/\/www.lintelligentdabidjan.info\/news\/wp-json\/wp\/v2\/media\/41685"}],"wp:attachment":[{"href":"https:\/\/www.lintelligentdabidjan.info\/news\/wp-json\/wp\/v2\/media?parent=41684"}],"wp:term":[{"taxonomy":"category","embeddable":true,"href":"https:\/\/www.lintelligentdabidjan.info\/news\/wp-json\/wp\/v2\/categories?post=41684"},{"taxonomy":"post_tag","embeddable":true,"href":"https:\/\/www.lintelligentdabidjan.info\/news\/wp-json\/wp\/v2\/tags?post=41684"}],"curies":[{"name":"wp","href":"https:\/\/api.w.org\/{rel}","templated":true}]}}