{"id":41722,"date":"2025-12-27T17:15:08","date_gmt":"2025-12-27T16:15:08","guid":{"rendered":"https:\/\/www.lintelligentdabidjan.info\/news\/?p=41722"},"modified":"2025-12-27T17:15:12","modified_gmt":"2025-12-27T16:15:12","slug":"legislatives-2025-a-abobo-bamba-yacouba-denonce-lexclusion-des-representants-du-mouvement-aide-des-bureaux-de-vote","status":"publish","type":"post","link":"https:\/\/www.lintelligentdabidjan.info\/news\/legislatives-2025-a-abobo-bamba-yacouba-denonce-lexclusion-des-representants-du-mouvement-aide-des-bureaux-de-vote\/","title":{"rendered":"L\u00e9gislatives 2025 \u00e0 Abobo :  Bamba Yacouba d\u00e9nonce l\u2019exclusion des repr\u00e9sentants du Mouvement AIDE des bureaux de vote"},"content":{"rendered":"<p><strong>Le pr\u00e9sident du Mouvement politique Agir pour les Institutions et le D\u00e9veloppement (AIDE), Bamba Yacouba, \u00e9galement t\u00eate de liste du mouvement \u00e0 Abobo, a accompli son devoir civique ce samedi 27 d\u00e9cembre 2025, \u00e0 l\u2019occasion des \u00e9lections l\u00e9gislatives. Il a vot\u00e9 au groupe scolaire Le Petit Prince, situ\u00e9 \u00e0 Abobo-centre.<\/strong><\/p>\n<p>\u00c0 l\u2019issue de son vote, Bamba Yacouba s\u2019est adress\u00e9 \u00e0 la presse pour d\u00e9noncer ce qu\u2019il qualifie de dysfonctionnements dans le d\u00e9roulement du scrutin. Selon lui, plusieurs repr\u00e9sentants du Mouvement AIDE auraient \u00e9t\u00e9 exclus de nombreux bureaux de vote dans la commune d\u2019Abobo.<\/p>\n<p>Le pr\u00e9sident du mouvement indique que des responsables locaux de la Commission \u00e9lectorale ind\u00e9pendante (CEI) auraient justifi\u00e9 ces exclusions par l\u2019absence de d\u00e9p\u00f4t officiel de liste du Mouvement AIDE, une exigence qui, selon lui, n\u2019aurait jamais \u00e9t\u00e9 formellement notifi\u00e9e \u00e0 son organisation.<br \/>\n\u00ab Nous constatons avec indignation que des responsables de la CEI proc\u00e8dent au cong\u00e9diement de nos repr\u00e9sentants dans la majorit\u00e9 des bureaux de vote, sous un pr\u00e9texte qui ne nous a jamais \u00e9t\u00e9 communiqu\u00e9 de mani\u00e8re formelle \u00bb, a-t-il d\u00e9clar\u00e9.<\/p>\n<p>Bamba Yacouba estime que cette situation porte atteinte \u00e0 la transparence du scrutin et aux principes d\u2019\u00e9quit\u00e9 et de contr\u00f4le citoyen qui doivent encadrer toute \u00e9lection d\u00e9mocratique. Face \u00e0 ces faits, le Mouvement AIDE demande le r\u00e9tablissement imm\u00e9diat de ses repr\u00e9sentants dans les bureaux concern\u00e9s.<\/p>\n<p>Tout en r\u00e9affirmant son attachement \u00e0 la paix et au respect des institutions, le pr\u00e9sident du Mouvement AIDE appelle la CEI \u00e0 garantir l\u2019impartialit\u00e9 du processus \u00e9lectoral et \u00e0 veiller au respect de la volont\u00e9 souveraine des \u00e9lecteurs, condition essentielle \u00e0 la cr\u00e9dibilit\u00e9 du scrutin.<\/p>\n<p><strong>Mamadou Ouattara avec Ly Abdul<\/strong><\/p>\n<p>&nbsp;<\/p>\n","protected":false},"excerpt":{"rendered":"<p>Le pr\u00e9sident du Mouvement politique Agir pour les Institutions et le D\u00e9veloppement (AIDE), Bamba Yacouba, \u00e9galement t\u00eate de liste du mouvement \u00e0 Abobo, a accompli son devoir civique ce samedi 27 d\u00e9cembre 2025, \u00e0 l\u2019occasion des \u00e9lections l\u00e9gislatives. Il a vot\u00e9 au groupe scolaire Le Petit Prince, situ\u00e9 \u00e0 Abobo-centre. \u00c0 l\u2019issue de son vote, [&hellip;]<\/p>\n","protected":false},"author":4,"featured_media":41723,"comment_status":"closed","ping_status":"closed","sticky":false,"template":"","format":"standard","meta":{"_monsterinsights_skip_tracking":false,"_monsterinsights_sitenote_active":false,"_monsterinsights_sitenote_note":"","_monsterinsights_sitenote_category":0,"footnotes":""},"categories":[2,17],"tags":[295,6749,6752,6750,6371,6751],"class_list":["post-41722","post","type-post","status-publish","format-standard","has-post-thumbnail","hentry","category-featured","category-politique","tag-abobo","tag-bamba-yacouba","tag-bureaux-de-vote","tag-des-representants","tag-legislatives-2025","tag-mouvement-aide"],"_links":{"self":[{"href":"https:\/\/www.lintelligentdabidjan.info\/news\/wp-json\/wp\/v2\/posts\/41722","targetHints":{"allow":["GET"]}}],"collection":[{"href":"https:\/\/www.lintelligentdabidjan.info\/news\/wp-json\/wp\/v2\/posts"}],"about":[{"href":"https:\/\/www.lintelligentdabidjan.info\/news\/wp-json\/wp\/v2\/types\/post"}],"author":[{"embeddable":true,"href":"https:\/\/www.lintelligentdabidjan.info\/news\/wp-json\/wp\/v2\/users\/4"}],"replies":[{"embeddable":true,"href":"https:\/\/www.lintelligentdabidjan.info\/news\/wp-json\/wp\/v2\/comments?post=41722"}],"version-history":[{"count":1,"href":"https:\/\/www.lintelligentdabidjan.info\/news\/wp-json\/wp\/v2\/posts\/41722\/revisions"}],"predecessor-version":[{"id":41724,"href":"https:\/\/www.lintelligentdabidjan.info\/news\/wp-json\/wp\/v2\/posts\/41722\/revisions\/41724"}],"wp:featuredmedia":[{"embeddable":true,"href":"https:\/\/www.lintelligentdabidjan.info\/news\/wp-json\/wp\/v2\/media\/41723"}],"wp:attachment":[{"href":"https:\/\/www.lintelligentdabidjan.info\/news\/wp-json\/wp\/v2\/media?parent=41722"}],"wp:term":[{"taxonomy":"category","embeddable":true,"href":"https:\/\/www.lintelligentdabidjan.info\/news\/wp-json\/wp\/v2\/categories?post=41722"},{"taxonomy":"post_tag","embeddable":true,"href":"https:\/\/www.lintelligentdabidjan.info\/news\/wp-json\/wp\/v2\/tags?post=41722"}],"curies":[{"name":"wp","href":"https:\/\/api.w.org\/{rel}","templated":true}]}}