{"id":41728,"date":"2025-12-27T17:30:19","date_gmt":"2025-12-27T16:30:19","guid":{"rendered":"https:\/\/www.lintelligentdabidjan.info\/news\/?p=41728"},"modified":"2025-12-27T17:30:23","modified_gmt":"2025-12-27T16:30:23","slug":"elections-legislatives-2025-kandia-camara-accomplit-son-devoir-civique-a-abobo","status":"publish","type":"post","link":"https:\/\/www.lintelligentdabidjan.info\/news\/elections-legislatives-2025-kandia-camara-accomplit-son-devoir-civique-a-abobo\/","title":{"rendered":"\u00c9lections l\u00e9gislatives 2025:   Kandia Camara accomplit son devoir civique \u00e0 Abobo"},"content":{"rendered":"<p><strong>Kandia Camara, maire d\u2019Abobo et pr\u00e9sidente du S\u00e9nat, a accompli son devoir civique le samedi 27 d\u00e9cembre 2025 au groupe scolaire Nadreau La Source, situ\u00e9 dans le quartier Kennedy-Clouetcha \u00e0 Abidjan-Abobo.<\/strong><\/p>\n<p>C&#8217;est dans le bureau de vote n\u00b04 du groupe scolaire Nadreau La Source que Kandia Camara, maire d\u2019Abobo et pr\u00e9sidente du S\u00e9nat, a d\u00e9pos\u00e9 son bulletin. Apr\u00e8s avoir vot\u00e9, elle a salu\u00e9 le bon d\u00e9roulement du scrutin. \u00ab Je salue le fait que ces \u00e9lections l\u00e9gislatives puissent se tenir \u00e0 bonne date, comme cela a \u00e9t\u00e9 pr\u00e9vu. Je me f\u00e9licite de voir ici, dans ce lieu de vote, plusieurs hommes et femmes, des jeunes \u00bb, a-t-elle d\u00e9clar\u00e9 \u00e0 l\u2019issue du vote. La maire d\u2019Abobo a ensuite effectu\u00e9 une tourn\u00e9e dans plusieurs centres de vote de la commune afin de s\u2019assurer du bon d\u00e9roulement des op\u00e9rations \u00e9lectorales. Elle s\u2019est dite satisfaite de l\u2019esprit civique observ\u00e9 et du climat apais\u00e9 ayant marqu\u00e9 la campagne. \u00ab Cela s\u2019est pass\u00e9 dans la paix, la discipline, et m\u00eame dans la joie \u00bb, a-t-elle soulign\u00e9.<\/p>\n<p>Directrice r\u00e9gionale du Rassemblement des Houphou\u00e9tistes pour la D\u00e9mocratie et la Paix (Rhdp) et directrice de campagne, Kandia Camara a exprim\u00e9 sa confiance quant aux r\u00e9sultats attendus pour la liste conduite par le ministre d\u2019\u00c9tat T\u00e9n\u00e9 Birahima Ouattara. \u00ab Je suis persuad\u00e9e que nos six d\u00e9put\u00e9s titulaires et leurs suppl\u00e9ants seront \u00e9lus d\u00e8s ce soir, gr\u00e2ce \u00e0 la belle campagne que nous avons men\u00e9e. Je souhaite qu\u2019\u00e0 la fin de ces \u00e9lections l\u00e9gislatives, les candidats du RHDP soient vainqueurs ici \u00e0 Abobo et je souhaite que tous les candidats du RHDP soient vainqueurs dans toutes les circonscriptions \u00e9lectorales \u00bb, a-t-elle affirm\u00e9.<\/p>\n<p>Elle a enfin appel\u00e9 l\u2019ensemble des \u00e9lecteurs inscrits \u00e0 se rendre aux urnes, insistant sur l\u2019importance de la participation citoyenne pour le renforcement de la d\u00e9mocratie en C\u00f4te d\u2019Ivoire.<\/p>\n<p><strong>Olivier Dion avec A. Traor\u00e9<\/strong><\/p>\n<p>&nbsp;<\/p>\n","protected":false},"excerpt":{"rendered":"<p>Kandia Camara, maire d\u2019Abobo et pr\u00e9sidente du S\u00e9nat, a accompli son devoir civique le samedi 27 d\u00e9cembre 2025 au groupe scolaire Nadreau La Source, situ\u00e9 dans le quartier Kennedy-Clouetcha \u00e0 Abidjan-Abobo. C&#8217;est dans le bureau de vote n\u00b04 du groupe scolaire Nadreau La Source que Kandia Camara, maire d\u2019Abobo et pr\u00e9sidente du S\u00e9nat, a d\u00e9pos\u00e9 [&hellip;]<\/p>\n","protected":false},"author":4,"featured_media":41729,"comment_status":"closed","ping_status":"closed","sticky":false,"template":"","format":"standard","meta":{"footnotes":""},"categories":[2,17],"tags":[295,6345,6406,336],"class_list":["post-41728","post","type-post","status-publish","format-standard","has-post-thumbnail","hentry","category-featured","category-politique","tag-abobo","tag-devoir-civique","tag-elections-legislatives-2025","tag-kandia-camara"],"_links":{"self":[{"href":"https:\/\/www.lintelligentdabidjan.info\/news\/wp-json\/wp\/v2\/posts\/41728","targetHints":{"allow":["GET"]}}],"collection":[{"href":"https:\/\/www.lintelligentdabidjan.info\/news\/wp-json\/wp\/v2\/posts"}],"about":[{"href":"https:\/\/www.lintelligentdabidjan.info\/news\/wp-json\/wp\/v2\/types\/post"}],"author":[{"embeddable":true,"href":"https:\/\/www.lintelligentdabidjan.info\/news\/wp-json\/wp\/v2\/users\/4"}],"replies":[{"embeddable":true,"href":"https:\/\/www.lintelligentdabidjan.info\/news\/wp-json\/wp\/v2\/comments?post=41728"}],"version-history":[{"count":1,"href":"https:\/\/www.lintelligentdabidjan.info\/news\/wp-json\/wp\/v2\/posts\/41728\/revisions"}],"predecessor-version":[{"id":41730,"href":"https:\/\/www.lintelligentdabidjan.info\/news\/wp-json\/wp\/v2\/posts\/41728\/revisions\/41730"}],"wp:featuredmedia":[{"embeddable":true,"href":"https:\/\/www.lintelligentdabidjan.info\/news\/wp-json\/wp\/v2\/media\/41729"}],"wp:attachment":[{"href":"https:\/\/www.lintelligentdabidjan.info\/news\/wp-json\/wp\/v2\/media?parent=41728"}],"wp:term":[{"taxonomy":"category","embeddable":true,"href":"https:\/\/www.lintelligentdabidjan.info\/news\/wp-json\/wp\/v2\/categories?post=41728"},{"taxonomy":"post_tag","embeddable":true,"href":"https:\/\/www.lintelligentdabidjan.info\/news\/wp-json\/wp\/v2\/tags?post=41728"}],"curies":[{"name":"wp","href":"https:\/\/api.w.org\/{rel}","templated":true}]}}