{"id":41731,"date":"2025-12-27T17:34:43","date_gmt":"2025-12-27T16:34:43","guid":{"rendered":"https:\/\/www.lintelligentdabidjan.info\/news\/?p=41731"},"modified":"2025-12-27T17:35:40","modified_gmt":"2025-12-27T16:35:40","slug":"legislatives-2025-a-yamoussoukro-kouassi-kouame-patrice-evoque-des-entraves-au-vote-et-appelle-a-une-forte-mobilisation","status":"publish","type":"post","link":"https:\/\/www.lintelligentdabidjan.info\/news\/legislatives-2025-a-yamoussoukro-kouassi-kouame-patrice-evoque-des-entraves-au-vote-et-appelle-a-une-forte-mobilisation\/","title":{"rendered":"L\u00e9gislatives 2025 \u00e0 Yamoussoukro : Kouassi Kouam\u00e9 Patrice \u00e9voque des entraves au vote et appelle \u00e0 une forte mobilisation"},"content":{"rendered":"<p><strong>Le maire de Yamoussoukro, Kouassi Kouam\u00e9 Patrice, dit KKP, l\u2019un des deux candidats titulaires du PDCI-RDA aux \u00e9lections l\u00e9gislatives de 2025 dans la circonscription de Yamoussoukro commune, a accompli son devoir civique le samedi 27 d\u00e9cembre 2025. Il a vot\u00e9 au bureau n\u00b007 du groupe scolaire Zaher, situ\u00e9 dans le quartier N\u2019Zuessy.<\/strong><\/p>\n<p>&nbsp;<\/p>\n<p>S\u2019exprimant \u00e0 sa sortie du centre de vote, le candidat du PDCI-RDA a livr\u00e9 ses premi\u00e8res observations sur le d\u00e9roulement du scrutin. Il a salu\u00e9 la Commission \u00e9lectorale ind\u00e9pendante (CEI) pour la mise \u00e0 disposition effective des cartes d\u2019\u00e9lecteurs non retir\u00e9es, conform\u00e9ment aux dispositions de la loi \u00e9lectorale. \u00ab C\u2019est un point positif que j\u2019ai personnellement constat\u00e9 dans mon bureau de vote \u00bb, a-t-il d\u00e9clar\u00e9.<\/p>\n<p>&nbsp;<\/p>\n<p>Toutefois, Kouassi Kouam\u00e9 Patrice a fait part de pr\u00e9occupations relatives \u00e0 la d\u00e9localisation de nombreux centres de vote dans la commune. Selon lui, sur les 52 centres initialement pr\u00e9vus \u00e0 Yamoussoukro, 34 auraient \u00e9t\u00e9 d\u00e9plac\u00e9s, une situation susceptible de compliquer l\u2019acc\u00e8s aux urnes pour de nombreux \u00e9lecteurs, notamment dans les villages p\u00e9riph\u00e9riques. Il estime que ces changements imposent des charges financi\u00e8res suppl\u00e9mentaires aux populations concern\u00e9es.<\/p>\n<p>&nbsp;<\/p>\n<p>Le candidat a \u00e9galement \u00e9voqu\u00e9 des menaces pr\u00e9sum\u00e9es \u00e0 l\u2019encontre de transporteurs ayant accept\u00e9 d\u2019assurer le d\u00e9placement d\u2019\u00e9lecteurs se r\u00e9clamant du PDCI-RDA. Il a affirm\u00e9 que ces faits auraient \u00e9galement \u00e9t\u00e9 signal\u00e9s dans d\u2019autres localit\u00e9s du centre du pays, notamment \u00e0 Toumodi, Ti\u00e9bissou et Bouak\u00e9. Il a annonc\u00e9 qu\u2019une communication officielle serait faite \u00e0 ce sujet lors d\u2019une prochaine conf\u00e9rence de presse.<\/p>\n<p>Malgr\u00e9 ces difficult\u00e9s, Kouassi Kouam\u00e9 Patrice a appel\u00e9 les \u00e9lecteurs de Yamoussoukro \u00e0 participer massivement au scrutin, se disant confiant quant \u00e0 l\u2019issue du vote.<\/p>\n<p>&nbsp;<\/p>\n<p>&nbsp;<\/p>\n<p><strong>Harry Diallo, Yamoussoukro<\/strong><\/p>\n","protected":false},"excerpt":{"rendered":"<p>Le maire de Yamoussoukro, Kouassi Kouam\u00e9 Patrice, dit KKP, l\u2019un des deux candidats titulaires du PDCI-RDA aux \u00e9lections l\u00e9gislatives de 2025 dans la circonscription de Yamoussoukro commune, a accompli son devoir civique le samedi 27 d\u00e9cembre 2025. Il a vot\u00e9 au bureau n\u00b007 du groupe scolaire Zaher, situ\u00e9 dans le quartier N\u2019Zuessy. &nbsp; S\u2019exprimant \u00e0 [&hellip;]<\/p>\n","protected":false},"author":4,"featured_media":41732,"comment_status":"closed","ping_status":"closed","sticky":false,"template":"","format":"standard","meta":{"_monsterinsights_skip_tracking":false,"_monsterinsights_sitenote_active":false,"_monsterinsights_sitenote_note":"","_monsterinsights_sitenote_category":0,"footnotes":""},"categories":[2,17],"tags":[6755,6756,6754,6371,51],"class_list":["post-41731","post","type-post","status-publish","format-standard","has-post-thumbnail","hentry","category-featured","category-politique","tag-des-entraves","tag-forte-mobilisation","tag-kouassi-kouame-patrice","tag-legislatives-2025","tag-yamoussoukro"],"_links":{"self":[{"href":"https:\/\/www.lintelligentdabidjan.info\/news\/wp-json\/wp\/v2\/posts\/41731","targetHints":{"allow":["GET"]}}],"collection":[{"href":"https:\/\/www.lintelligentdabidjan.info\/news\/wp-json\/wp\/v2\/posts"}],"about":[{"href":"https:\/\/www.lintelligentdabidjan.info\/news\/wp-json\/wp\/v2\/types\/post"}],"author":[{"embeddable":true,"href":"https:\/\/www.lintelligentdabidjan.info\/news\/wp-json\/wp\/v2\/users\/4"}],"replies":[{"embeddable":true,"href":"https:\/\/www.lintelligentdabidjan.info\/news\/wp-json\/wp\/v2\/comments?post=41731"}],"version-history":[{"count":1,"href":"https:\/\/www.lintelligentdabidjan.info\/news\/wp-json\/wp\/v2\/posts\/41731\/revisions"}],"predecessor-version":[{"id":41733,"href":"https:\/\/www.lintelligentdabidjan.info\/news\/wp-json\/wp\/v2\/posts\/41731\/revisions\/41733"}],"wp:featuredmedia":[{"embeddable":true,"href":"https:\/\/www.lintelligentdabidjan.info\/news\/wp-json\/wp\/v2\/media\/41732"}],"wp:attachment":[{"href":"https:\/\/www.lintelligentdabidjan.info\/news\/wp-json\/wp\/v2\/media?parent=41731"}],"wp:term":[{"taxonomy":"category","embeddable":true,"href":"https:\/\/www.lintelligentdabidjan.info\/news\/wp-json\/wp\/v2\/categories?post=41731"},{"taxonomy":"post_tag","embeddable":true,"href":"https:\/\/www.lintelligentdabidjan.info\/news\/wp-json\/wp\/v2\/tags?post=41731"}],"curies":[{"name":"wp","href":"https:\/\/api.w.org\/{rel}","templated":true}]}}