{"id":41737,"date":"2025-12-27T17:43:47","date_gmt":"2025-12-27T16:43:47","guid":{"rendered":"https:\/\/www.lintelligentdabidjan.info\/news\/?p=41737"},"modified":"2025-12-27T17:44:21","modified_gmt":"2025-12-27T16:44:21","slug":"bouake-legislatives-2025-konan-fabrice-accomplit-son-devoir-civique-et-appelle-a-une-forte-participation","status":"publish","type":"post","link":"https:\/\/www.lintelligentdabidjan.info\/news\/bouake-legislatives-2025-konan-fabrice-accomplit-son-devoir-civique-et-appelle-a-une-forte-participation\/","title":{"rendered":"Bouak\u00e9 \u2013 L\u00e9gislatives 2025 : Konan Fabrice accomplit son devoir civique et appelle \u00e0 une forte participation"},"content":{"rendered":"<p><strong>Le candidat ind\u00e9pendant Konan Fabrice, en lice dans la circonscription \u00e9lectorale n\u00b0061 (Bouak\u00e9-sous-pr\u00e9fecture, Bounda, Mamini et Brobo-Commune), a accompli son devoir civique le samedi 27 d\u00e9cembre 2025. Il a vot\u00e9 au groupe scolaire Bamoro, \u00e0 l\u2019occasion des \u00e9lections l\u00e9gislatives.<\/strong><\/p>\n<p>\u00c0 sa sortie de l\u2019isoloir, le candidat s\u2019est dit serein et satisfait du dispositif organisationnel mis en place par la Commission \u00e9lectorale ind\u00e9pendante (CEI). Il a salu\u00e9 le bon d\u00e9roulement des op\u00e9rations \u00e9lectorales dans son centre de vote. \u00ab Au niveau du dispositif mis en place par la CEI, tout se passe bien et nous comptons sur la transparence de la Commission \u00e9lectorale ind\u00e9pendante pour la proclamation des r\u00e9sultats \u00bb, a-t-il d\u00e9clar\u00e9.<\/p>\n<p>\u00c9voquant la participation \u00e9lectorale, Konan Fabrice a relev\u00e9 un d\u00e9marrage timide dans les bureaux de vote au cours des premi\u00e8res heures du scrutin. \u00ab D\u00e8s l\u2019ouverture des bureaux de vote, nous avons constat\u00e9 un faible engouement, mais jusque-l\u00e0 tout se passe bien \u00bb, a-t-il observ\u00e9, avant d\u2019inviter les populations \u00e0 se mobiliser massivement pour exercer leur droit de vote.<\/p>\n<p>Dans l\u2019attente des r\u00e9sultats, le candidat ind\u00e9pendant a r\u00e9affirm\u00e9 son attachement aux valeurs d\u00e9mocratiques et \u00e0 un processus \u00e9lectoral apais\u00e9. Il a appel\u00e9 l\u2019ensemble des acteurs politiques et institutionnels au respect strict des r\u00e8gles \u00e9lectorales, afin de garantir un scrutin cr\u00e9dible et transparent dans la r\u00e9gion de Bouak\u00e9.<\/p>\n<p>&nbsp;<\/p>\n<p><strong>Nambac\u00e9r\u00e9 Jo\u00ebl<\/strong><\/p>\n<p>&nbsp;<\/p>\n<p>&nbsp;<\/p>\n<p>&nbsp;<\/p>\n","protected":false},"excerpt":{"rendered":"<p>Le candidat ind\u00e9pendant Konan Fabrice, en lice dans la circonscription \u00e9lectorale n\u00b0061 (Bouak\u00e9-sous-pr\u00e9fecture, Bounda, Mamini et Brobo-Commune), a accompli son devoir civique le samedi 27 d\u00e9cembre 2025. Il a vot\u00e9 au groupe scolaire Bamoro, \u00e0 l\u2019occasion des \u00e9lections l\u00e9gislatives. \u00c0 sa sortie de l\u2019isoloir, le candidat s\u2019est dit serein et satisfait du dispositif organisationnel mis [&hellip;]<\/p>\n","protected":false},"author":4,"featured_media":41738,"comment_status":"closed","ping_status":"closed","sticky":false,"template":"","format":"standard","meta":{"_monsterinsights_skip_tracking":false,"_monsterinsights_sitenote_active":false,"_monsterinsights_sitenote_note":"","_monsterinsights_sitenote_category":0,"footnotes":""},"categories":[2,17],"tags":[125,6345,6759,6758,6371],"class_list":["post-41737","post","type-post","status-publish","format-standard","has-post-thumbnail","hentry","category-featured","category-politique","tag-bouake","tag-devoir-civique","tag-forte-participation","tag-konan-fabrice","tag-legislatives-2025"],"_links":{"self":[{"href":"https:\/\/www.lintelligentdabidjan.info\/news\/wp-json\/wp\/v2\/posts\/41737","targetHints":{"allow":["GET"]}}],"collection":[{"href":"https:\/\/www.lintelligentdabidjan.info\/news\/wp-json\/wp\/v2\/posts"}],"about":[{"href":"https:\/\/www.lintelligentdabidjan.info\/news\/wp-json\/wp\/v2\/types\/post"}],"author":[{"embeddable":true,"href":"https:\/\/www.lintelligentdabidjan.info\/news\/wp-json\/wp\/v2\/users\/4"}],"replies":[{"embeddable":true,"href":"https:\/\/www.lintelligentdabidjan.info\/news\/wp-json\/wp\/v2\/comments?post=41737"}],"version-history":[{"count":2,"href":"https:\/\/www.lintelligentdabidjan.info\/news\/wp-json\/wp\/v2\/posts\/41737\/revisions"}],"predecessor-version":[{"id":41740,"href":"https:\/\/www.lintelligentdabidjan.info\/news\/wp-json\/wp\/v2\/posts\/41737\/revisions\/41740"}],"wp:featuredmedia":[{"embeddable":true,"href":"https:\/\/www.lintelligentdabidjan.info\/news\/wp-json\/wp\/v2\/media\/41738"}],"wp:attachment":[{"href":"https:\/\/www.lintelligentdabidjan.info\/news\/wp-json\/wp\/v2\/media?parent=41737"}],"wp:term":[{"taxonomy":"category","embeddable":true,"href":"https:\/\/www.lintelligentdabidjan.info\/news\/wp-json\/wp\/v2\/categories?post=41737"},{"taxonomy":"post_tag","embeddable":true,"href":"https:\/\/www.lintelligentdabidjan.info\/news\/wp-json\/wp\/v2\/tags?post=41737"}],"curies":[{"name":"wp","href":"https:\/\/api.w.org\/{rel}","templated":true}]}}