{"id":41745,"date":"2025-12-27T18:13:34","date_gmt":"2025-12-27T17:13:34","guid":{"rendered":"https:\/\/www.lintelligentdabidjan.info\/news\/?p=41745"},"modified":"2025-12-27T18:13:38","modified_gmt":"2025-12-27T17:13:38","slug":"changer-despace-cest-un-challenge-a-yopougon-adama-bictogo-joue-une-legislative-a-portee-nationale","status":"publish","type":"post","link":"https:\/\/www.lintelligentdabidjan.info\/news\/changer-despace-cest-un-challenge-a-yopougon-adama-bictogo-joue-une-legislative-a-portee-nationale\/","title":{"rendered":"\u00ab Changer d\u2019espace, c\u2019est un challenge \u00bb : \u00e0 Yopougon, Adama Bictogo joue une l\u00e9gislative \u00e0 port\u00e9e nationale"},"content":{"rendered":"<p><strong>Quitter son fief historique pour relever un nouveau d\u00e9fi \u00e9lectoral.<\/strong><br \/>\n<strong>\u00c0 Yopougon, Adama Bictogo revendique une candidature locale \u00e0 port\u00e9e nationale.<\/strong><\/p>\n<p>Ce samedi 27 d\u00e9cembre 2025, Adama Bictogo n\u2019a pas accompli uniquement un acte citoyen. \u00c0 Yopougon, le pr\u00e9sident sortant de l\u2019Assembl\u00e9e nationale a pos\u00e9 un geste politique fort, assumant une candidature qu\u2019il estime porteuse d\u2019un enjeu national, au-del\u00e0 du seul cadre communal.<\/p>\n<p>\u00c0 11h08, au Lyc\u00e9e moderne d\u2019Andokoi, le maire de Yopougon a gliss\u00e9 son bulletin dans l\u2019urne avant de revenir sur le sens de son engagement. Quitter Agboville, sa terre politique pendant pr\u00e8s de quinze ans, pour solliciter la confiance des \u00e9lecteurs de Yopougon, rel\u00e8ve selon lui d\u2019un v\u00e9ritable d\u00e9fi.<\/p>\n<p>\u00ab Changer d\u2019espace et venir \u00e0 Yopougon est un challenge \u00bb, a-t-il d\u00e9clar\u00e9, rappelant un parcours marqu\u00e9 par la fid\u00e9lit\u00e9 territoriale avant d\u2019assumer ce repositionnement politique. Un choix qu\u2019il pr\u00e9sente comme r\u00e9fl\u00e9chi et assum\u00e9.<\/p>\n<p>L\u2019ancien d\u00e9put\u00e9 d\u2019Agboville revendique d\u00e9sormais un enracinement progressif dans la plus grande commune du pays. \u00ab Yopougon est ma base \u00bb, affirme-t-il, mettant en avant une proximit\u00e9 construite avec les populations depuis son accession \u00e0 la mairie en septembre 2023, au contact des r\u00e9alit\u00e9s sociales, \u00e9conomiques et urbaines de la commune.<\/p>\n<p>Cependant au-del\u00e0 de la dimension locale, Adama Bictogo insiste sur le poids institutionnel de sa candidature. Pr\u00e9sident sortant de l\u2019Assembl\u00e9e nationale, il estime que cette fonction conf\u00e8re \u00e0 la l\u00e9gislative de Yopougon une port\u00e9e particuli\u00e8re, tant sur le plan politique que symbolique.<\/p>\n<p>Confiant, mais se gardant de tout triomphalisme, le candidat RHDP s\u2019est dit convaincu de la victoire de sa liste. Il a surtout lanc\u00e9 un appel \u00e0 la mobilisation citoyenne, estimant que la participation \u00e9lectorale demeure un levier essentiel de l\u2019expression d\u00e9mocratique.<\/p>\n<p>\u00ab S\u2019abstenir, c\u2019est ne pas faire valoir sa voix et ne pas faire prendre en compte ses pr\u00e9occupations \u00bb, a-t-il rappel\u00e9, appelant \u00e0 un scrutin apais\u00e9 et responsable, dans un contexte o\u00f9 chaque suffrage compte.<\/p>\n<p><strong>Olivier Dion<\/strong><\/p>\n","protected":false},"excerpt":{"rendered":"<p>Quitter son fief historique pour relever un nouveau d\u00e9fi \u00e9lectoral. \u00c0 Yopougon, Adama Bictogo revendique une candidature locale \u00e0 port\u00e9e nationale. Ce samedi 27 d\u00e9cembre 2025, Adama Bictogo n\u2019a pas accompli uniquement un acte citoyen. \u00c0 Yopougon, le pr\u00e9sident sortant de l\u2019Assembl\u00e9e nationale a pos\u00e9 un geste politique fort, assumant une candidature qu\u2019il estime porteuse [&hellip;]<\/p>\n","protected":false},"author":4,"featured_media":41746,"comment_status":"closed","ping_status":"closed","sticky":false,"template":"","format":"standard","meta":{"_monsterinsights_skip_tracking":false,"_monsterinsights_sitenote_active":false,"_monsterinsights_sitenote_note":"","_monsterinsights_sitenote_category":0,"footnotes":""},"categories":[2,17],"tags":[323,6761,6760,4517,6762,81],"class_list":["post-41745","post","type-post","status-publish","format-standard","has-post-thumbnail","hentry","category-featured","category-politique","tag-adama-bictogo","tag-cest-un-challenge","tag-changer-despace","tag-legislative","tag-nationale","tag-yopougon"],"_links":{"self":[{"href":"https:\/\/www.lintelligentdabidjan.info\/news\/wp-json\/wp\/v2\/posts\/41745","targetHints":{"allow":["GET"]}}],"collection":[{"href":"https:\/\/www.lintelligentdabidjan.info\/news\/wp-json\/wp\/v2\/posts"}],"about":[{"href":"https:\/\/www.lintelligentdabidjan.info\/news\/wp-json\/wp\/v2\/types\/post"}],"author":[{"embeddable":true,"href":"https:\/\/www.lintelligentdabidjan.info\/news\/wp-json\/wp\/v2\/users\/4"}],"replies":[{"embeddable":true,"href":"https:\/\/www.lintelligentdabidjan.info\/news\/wp-json\/wp\/v2\/comments?post=41745"}],"version-history":[{"count":1,"href":"https:\/\/www.lintelligentdabidjan.info\/news\/wp-json\/wp\/v2\/posts\/41745\/revisions"}],"predecessor-version":[{"id":41747,"href":"https:\/\/www.lintelligentdabidjan.info\/news\/wp-json\/wp\/v2\/posts\/41745\/revisions\/41747"}],"wp:featuredmedia":[{"embeddable":true,"href":"https:\/\/www.lintelligentdabidjan.info\/news\/wp-json\/wp\/v2\/media\/41746"}],"wp:attachment":[{"href":"https:\/\/www.lintelligentdabidjan.info\/news\/wp-json\/wp\/v2\/media?parent=41745"}],"wp:term":[{"taxonomy":"category","embeddable":true,"href":"https:\/\/www.lintelligentdabidjan.info\/news\/wp-json\/wp\/v2\/categories?post=41745"},{"taxonomy":"post_tag","embeddable":true,"href":"https:\/\/www.lintelligentdabidjan.info\/news\/wp-json\/wp\/v2\/tags?post=41745"}],"curies":[{"name":"wp","href":"https:\/\/api.w.org\/{rel}","templated":true}]}}