{"id":41779,"date":"2025-12-30T06:18:26","date_gmt":"2025-12-30T05:18:26","guid":{"rendered":"https:\/\/www.lintelligentdabidjan.info\/news\/?p=41779"},"modified":"2025-12-30T06:18:59","modified_gmt":"2025-12-30T05:18:59","slug":"can-2025-seko-fofana-confiant-malgre-la-frustration-nous-avons-leffectif-pour-aller-loin","status":"publish","type":"post","link":"https:\/\/www.lintelligentdabidjan.info\/news\/can-2025-seko-fofana-confiant-malgre-la-frustration-nous-avons-leffectif-pour-aller-loin\/","title":{"rendered":"CAN 2025 : S\u00e9ko Fofana confiant malgr\u00e9 la frustration  \u00ab Nous avons l\u2019effectif pour aller loin \u00bb"},"content":{"rendered":"<p><strong>Malgr\u00e9 la frustration n\u00e9e du match nul conc\u00e9d\u00e9 face au Cameroun (1-1), le dimanche 28 d\u00e9cembre 2025, apr\u00e8s avoir ouvert le score, S\u00e9ko Fofana affiche un optimisme assum\u00e9 quant aux ambitions de la C\u00f4te d\u2019Ivoire \u00e0 la CAN 2025.<\/strong><\/p>\n<p>\u00c0 l\u2019issue de cette rencontre intense face aux Lions Indomptables, le milieu de terrain des \u00c9l\u00e9phants est revenu sur la prestation de son \u00e9quipe. \u00ab On est satisfaits du contenu propos\u00e9. Mais nous gardons une forme de frustration. On voulait garder ce but marqu\u00e9 \u00bb, a confi\u00e9 l\u2019international ivoirien. Si la C\u00f4te d\u2019Ivoire nourrissait l\u2019espoir de conserver son avantage jusqu\u2019au coup de sifflet final, S\u00e9ko Fofana reconna\u00eet que \u00ab quelques petits d\u00e9tails \u00bb ont fait d\u00e9faut, en d\u00e9pit d\u2019un bon \u00e9tat d\u2019esprit collectif.<\/p>\n<p>Le joueur a \u00e9galement soulign\u00e9 le plaisir pris lors de cette affiche, marqu\u00e9e par une forte intensit\u00e9, un engagement total et un jeu ouvert de part et d\u2019autre, fid\u00e8le \u00e0 la r\u00e9putation des confrontations entre la C\u00f4te d\u2019Ivoire et le Cameroun.<\/p>\n<p>\u00c0 l\u2019approche du dernier match de la phase de groupes face au Gabon, pr\u00e9vu le mercredi 31 d\u00e9cembre 2025 et pr\u00e9sent\u00e9 comme d\u00e9cisif pour la premi\u00e8re place du groupe F, S\u00e9ko Fofana se montre confiant. \u00ab On sait aujourd\u2019hui qu\u2019on a un tr\u00e8s bon effectif \u00bb, affirme-t-il avec assurance.<\/p>\n<p>Pour le milieu ivoirien, l\u2019\u00e9quilibre entre jeunesse, exp\u00e9rience, fra\u00eecheur et insouciance constitue un atout majeur pour viser haut dans la comp\u00e9tition. \u00ab Nous sommes pr\u00e9par\u00e9s. On a l\u2019effectif pour aller au bout \u00bb, mart\u00e8le-t-il.<\/p>\n<p><strong>Ange Kouadio, \u00e0 Marrakech<\/strong><\/p>\n<p>&nbsp;<\/p>\n<p>&nbsp;<\/p>\n<p>&nbsp;<\/p>\n<p>&nbsp;<\/p>\n<p>&nbsp;<\/p>\n<p>&nbsp;<\/p>\n<p>&nbsp;<\/p>\n<p>&nbsp;<\/p>\n","protected":false},"excerpt":{"rendered":"<p>Malgr\u00e9 la frustration n\u00e9e du match nul conc\u00e9d\u00e9 face au Cameroun (1-1), le dimanche 28 d\u00e9cembre 2025, apr\u00e8s avoir ouvert le score, S\u00e9ko Fofana affiche un optimisme assum\u00e9 quant aux ambitions de la C\u00f4te d\u2019Ivoire \u00e0 la CAN 2025. \u00c0 l\u2019issue de cette rencontre intense face aux Lions Indomptables, le milieu de terrain des \u00c9l\u00e9phants [&hellip;]<\/p>\n","protected":false},"author":4,"featured_media":41780,"comment_status":"closed","ping_status":"closed","sticky":false,"template":"","format":"standard","meta":{"_monsterinsights_skip_tracking":false,"_monsterinsights_sitenote_active":false,"_monsterinsights_sitenote_note":"","_monsterinsights_sitenote_category":0,"footnotes":""},"categories":[2,23],"tags":[6557,6774,6773],"class_list":["post-41779","post","type-post","status-publish","format-standard","has-post-thumbnail","hentry","category-featured","category-sport","tag-can-2025","tag-la-frustration","tag-seko-fofana"],"_links":{"self":[{"href":"https:\/\/www.lintelligentdabidjan.info\/news\/wp-json\/wp\/v2\/posts\/41779","targetHints":{"allow":["GET"]}}],"collection":[{"href":"https:\/\/www.lintelligentdabidjan.info\/news\/wp-json\/wp\/v2\/posts"}],"about":[{"href":"https:\/\/www.lintelligentdabidjan.info\/news\/wp-json\/wp\/v2\/types\/post"}],"author":[{"embeddable":true,"href":"https:\/\/www.lintelligentdabidjan.info\/news\/wp-json\/wp\/v2\/users\/4"}],"replies":[{"embeddable":true,"href":"https:\/\/www.lintelligentdabidjan.info\/news\/wp-json\/wp\/v2\/comments?post=41779"}],"version-history":[{"count":1,"href":"https:\/\/www.lintelligentdabidjan.info\/news\/wp-json\/wp\/v2\/posts\/41779\/revisions"}],"predecessor-version":[{"id":41781,"href":"https:\/\/www.lintelligentdabidjan.info\/news\/wp-json\/wp\/v2\/posts\/41779\/revisions\/41781"}],"wp:featuredmedia":[{"embeddable":true,"href":"https:\/\/www.lintelligentdabidjan.info\/news\/wp-json\/wp\/v2\/media\/41780"}],"wp:attachment":[{"href":"https:\/\/www.lintelligentdabidjan.info\/news\/wp-json\/wp\/v2\/media?parent=41779"}],"wp:term":[{"taxonomy":"category","embeddable":true,"href":"https:\/\/www.lintelligentdabidjan.info\/news\/wp-json\/wp\/v2\/categories?post=41779"},{"taxonomy":"post_tag","embeddable":true,"href":"https:\/\/www.lintelligentdabidjan.info\/news\/wp-json\/wp\/v2\/tags?post=41779"}],"curies":[{"name":"wp","href":"https:\/\/api.w.org\/{rel}","templated":true}]}}