{"id":41782,"date":"2025-12-30T06:22:13","date_gmt":"2025-12-30T05:22:13","guid":{"rendered":"https:\/\/www.lintelligentdabidjan.info\/news\/?p=41782"},"modified":"2025-12-30T06:23:03","modified_gmt":"2025-12-30T05:23:03","slug":"action-sociale-des-dons-en-vivres-et-non-vivres-aux-anciens-combattants-et-aux-veuves","status":"publish","type":"post","link":"https:\/\/www.lintelligentdabidjan.info\/news\/action-sociale-des-dons-en-vivres-et-non-vivres-aux-anciens-combattants-et-aux-veuves\/","title":{"rendered":"Action sociale:  Des dons en vivres et non-vivres aux anciens combattants et aux veuves"},"content":{"rendered":"<p><strong>Une c\u00e9r\u00e9monie de remise de dons en vivres et non-vivres aux anciens combattants ainsi qu\u2019aux veuves d\u2019ex-anciens combattants s\u2019est tenue le lundi 29 d\u00e9cembre 2025 \u00e0 la Maison du combattant d\u2019Abidjan-Plateau.<\/strong><\/p>\n<p>Les b\u00e9n\u00e9ficiaires ont re\u00e7u des sacs de riz, des bidons d\u2019huile et des p\u00e2tes alimentaires, dans un esprit de solidarit\u00e9 et de reconnaissance nationale. Prenant la parole, le capitaine Yassoungo Kon\u00e9, pr\u00e9sident de l\u2019Association Fraternelle des Anciens Combattants de C\u00f4te d\u2019Ivoire (Afac-Ci), a salu\u00e9 cette initiative qu\u2019il a qualifi\u00e9e de \u00ab geste profond\u00e9ment symbolique et humain \u00bb du pr\u00e9sident de la R\u00e9publique, Alassane Ouattara. \u00ab Les vivres et l\u2019appui financier offerts aujourd\u2019hui vont bien au-del\u00e0 de leur valeur mat\u00e9rielle. Ils constituent une marque de consid\u00e9ration, un signe fort de solidarit\u00e9 nationale et un message de r\u00e9confort adress\u00e9 aux anciens combattants \u00e9prouv\u00e9s par le poids des ans, ainsi qu\u2019aux veuves, gardiennes silencieuses de la m\u00e9moire et du courage de leurs \u00e9poux disparus \u00bb, a-t-il d\u00e9clar\u00e9.<\/p>\n<p>&nbsp;<\/p>\n<p>Le pr\u00e9sident de l\u2019Afac-Ci a \u00e9galement exprim\u00e9 sa gratitude au Chef supr\u00eame des Arm\u00e9es pour son soutien constant, ainsi qu\u2019au ministre d\u2019\u00c9tat, ministre de la D\u00e9fense, T\u00e9n\u00e9 Birahima Ouattara, pour sa sollicitude continue \u00e0 l\u2019endroit des anciens combattants. \u00c0 l\u2019approche de la nouvelle ann\u00e9e, le capitaine Yassoungo Kon\u00e9 a formul\u00e9 des pri\u00e8res pour le Chef de l\u2019\u00c9tat et le ministre de la D\u00e9fense, leur souhaitant sant\u00e9 et long\u00e9vit\u00e9 afin de poursuivre leur mission au service de la Nation. \u00ab La C\u00f4te d\u2019Ivoire avance r\u00e9solument sur le chemin de la paix, de la coh\u00e9sion sociale et du d\u00e9veloppement inclusif. Les anciens combattants s\u2019en r\u00e9jouissent et r\u00e9affirment leur loyaut\u00e9 r\u00e9publicaine ainsi que leur engagement \u00e0 demeurer des artisans de paix \u00bb, a-t-il conclu.<\/p>\n<p><strong>Olivier Dion avec A. Traor\u00e9 avec Sercom<\/strong><\/p>\n<p>&nbsp;<\/p>\n<p>&nbsp;<\/p>\n<p>&nbsp;<\/p>\n","protected":false},"excerpt":{"rendered":"<p>Une c\u00e9r\u00e9monie de remise de dons en vivres et non-vivres aux anciens combattants ainsi qu\u2019aux veuves d\u2019ex-anciens combattants s\u2019est tenue le lundi 29 d\u00e9cembre 2025 \u00e0 la Maison du combattant d\u2019Abidjan-Plateau. Les b\u00e9n\u00e9ficiaires ont re\u00e7u des sacs de riz, des bidons d\u2019huile et des p\u00e2tes alimentaires, dans un esprit de solidarit\u00e9 et de reconnaissance nationale. [&hellip;]<\/p>\n","protected":false},"author":4,"featured_media":41783,"comment_status":"closed","ping_status":"closed","sticky":false,"template":"","format":"standard","meta":{"_monsterinsights_skip_tracking":false,"_monsterinsights_sitenote_active":false,"_monsterinsights_sitenote_note":"","_monsterinsights_sitenote_category":0,"footnotes":""},"categories":[2,3],"tags":[802,4826,6775,3166],"class_list":["post-41782","post","type-post","status-publish","format-standard","has-post-thumbnail","hentry","category-featured","category-societe","tag-action-sociale","tag-anciens-combattants","tag-des-dons-en-vivres","tag-veuves"],"_links":{"self":[{"href":"https:\/\/www.lintelligentdabidjan.info\/news\/wp-json\/wp\/v2\/posts\/41782","targetHints":{"allow":["GET"]}}],"collection":[{"href":"https:\/\/www.lintelligentdabidjan.info\/news\/wp-json\/wp\/v2\/posts"}],"about":[{"href":"https:\/\/www.lintelligentdabidjan.info\/news\/wp-json\/wp\/v2\/types\/post"}],"author":[{"embeddable":true,"href":"https:\/\/www.lintelligentdabidjan.info\/news\/wp-json\/wp\/v2\/users\/4"}],"replies":[{"embeddable":true,"href":"https:\/\/www.lintelligentdabidjan.info\/news\/wp-json\/wp\/v2\/comments?post=41782"}],"version-history":[{"count":1,"href":"https:\/\/www.lintelligentdabidjan.info\/news\/wp-json\/wp\/v2\/posts\/41782\/revisions"}],"predecessor-version":[{"id":41784,"href":"https:\/\/www.lintelligentdabidjan.info\/news\/wp-json\/wp\/v2\/posts\/41782\/revisions\/41784"}],"wp:featuredmedia":[{"embeddable":true,"href":"https:\/\/www.lintelligentdabidjan.info\/news\/wp-json\/wp\/v2\/media\/41783"}],"wp:attachment":[{"href":"https:\/\/www.lintelligentdabidjan.info\/news\/wp-json\/wp\/v2\/media?parent=41782"}],"wp:term":[{"taxonomy":"category","embeddable":true,"href":"https:\/\/www.lintelligentdabidjan.info\/news\/wp-json\/wp\/v2\/categories?post=41782"},{"taxonomy":"post_tag","embeddable":true,"href":"https:\/\/www.lintelligentdabidjan.info\/news\/wp-json\/wp\/v2\/tags?post=41782"}],"curies":[{"name":"wp","href":"https:\/\/api.w.org\/{rel}","templated":true}]}}