{"id":41785,"date":"2025-12-30T06:27:45","date_gmt":"2025-12-30T05:27:45","guid":{"rendered":"https:\/\/www.lintelligentdabidjan.info\/news\/?p=41785"},"modified":"2025-12-30T06:27:52","modified_gmt":"2025-12-30T05:27:52","slug":"vallee-du-bandama-une-etude-pour-renforcer-la-culture-et-les-institutions-socioculturelles-presentee-a-bouake","status":"publish","type":"post","link":"https:\/\/www.lintelligentdabidjan.info\/news\/vallee-du-bandama-une-etude-pour-renforcer-la-culture-et-les-institutions-socioculturelles-presentee-a-bouake\/","title":{"rendered":"Vall\u00e9e du Bandama : une \u00e9tude pour renforcer la culture et les institutions socioculturelles pr\u00e9sent\u00e9e \u00e0 Bouak\u00e9"},"content":{"rendered":"<p><strong>Le ministre du District autonome de la Vall\u00e9e du Bandama, Jean\u2011Claude Kouassi, a pr\u00e9sid\u00e9, le mardi 23 d\u00e9cembre 2025, la c\u00e9r\u00e9monie de pr\u00e9sentation d\u2019une \u00e9tude consacr\u00e9e au d\u00e9veloppement et \u00e0 la promotion de la culture ainsi que des institutions socioculturelles et \u00e9ducatives du District. La rencontre s\u2019est tenue au campus 1 de l\u2019Universit\u00e9 Alassane Ouattara de Bouak\u00e9, en pr\u00e9sence d\u2019universitaires, de responsables institutionnels et de chefs traditionnels.<\/strong><\/p>\n<p>R\u00e9alis\u00e9e de mani\u00e8re collaborative par des experts de l\u2019Universit\u00e9 Alassane Ouattara, de l\u2019Acad\u00e9mie des Sciences, des Arts, des Cultures d\u2019Afrique et des Diasporas africaines (ASCAD), ainsi que par des acteurs socioculturels et \u00e9ducatifs locaux, cette \u00e9tude vise \u00e0 identifier les leviers socioculturels favorisant la qualit\u00e9 des relations humaines et le d\u00e9veloppement durable des r\u00e9gions du Gb\u00eak\u00ea et du Hambol.<\/p>\n<p>Selon le professeur Kouakou N\u2019Guessan Fran\u00e7ois, responsable de l\u2019\u00e9quipe de pilotage, le projet entend contribuer \u00e0 la construction de la personnalit\u00e9 du District de la Vall\u00e9e du Bandama sur les plans culturel, \u00e9ducatif et \u00e9conomique. \u00ab C\u2019est un projet qui int\u00e8gre toutes les valeurs de base de la communaut\u00e9 \u00bb, a\u2011t\u2011il indiqu\u00e9.<\/p>\n<p>Le porte\u2011parole de l\u2019\u00e9quipe, le professeur Abel N\u2019Doumi No\u00ebl, a pr\u00e9sent\u00e9 les r\u00e9sultats de l\u2019\u00e9tude \u00e0 travers une projection d\u00e9taill\u00e9e, mettant en lumi\u00e8re les caract\u00e9ristiques socioculturelles et \u00e9ducatives des peuples du Gb\u00eak\u00ea et du Hambol, per\u00e7ues comme des vecteurs d\u2019identit\u00e9 et de coh\u00e9sion sociale.<\/p>\n<p>Au terme des \u00e9changes, Jean\u2011Claude Kouassi a salu\u00e9 la rigueur scientifique des chercheurs, estimant que cette \u00e9tude constitue \u00ab un outil intellectuel essentiel pour lire le pass\u00e9, \u00e9clairer les choix de d\u00e9veloppement et mieux se projeter dans l\u2019avenir \u00bb. Il a appel\u00e9 les autorit\u00e9s, chefs traditionnels et leaders communautaires \u00e0 s\u2019approprier les r\u00e9sultats pour promouvoir les valeurs endog\u00e8nes et renforcer le socle \u00e9ducatif du District.<\/p>\n<p><strong>Nambac\u00e9r\u00e9 Jo\u00ebl<\/strong><\/p>\n<p>&nbsp;<\/p>\n<p>&nbsp;<\/p>\n","protected":false},"excerpt":{"rendered":"<p>Le ministre du District autonome de la Vall\u00e9e du Bandama, Jean\u2011Claude Kouassi, a pr\u00e9sid\u00e9, le mardi 23 d\u00e9cembre 2025, la c\u00e9r\u00e9monie de pr\u00e9sentation d\u2019une \u00e9tude consacr\u00e9e au d\u00e9veloppement et \u00e0 la promotion de la culture ainsi que des institutions socioculturelles et \u00e9ducatives du District. La rencontre s\u2019est tenue au campus 1 de l\u2019Universit\u00e9 Alassane Ouattara [&hellip;]<\/p>\n","protected":false},"author":4,"featured_media":41786,"comment_status":"closed","ping_status":"closed","sticky":false,"template":"","format":"standard","meta":{"_monsterinsights_skip_tracking":false,"_monsterinsights_sitenote_active":false,"_monsterinsights_sitenote_note":"","_monsterinsights_sitenote_category":0,"footnotes":""},"categories":[2,3],"tags":[125,6478,6778,6777,6776],"class_list":["post-41785","post","type-post","status-publish","format-standard","has-post-thumbnail","hentry","category-featured","category-societe","tag-bouake","tag-la-culture","tag-les-institutions-socioculturelles","tag-une-etude","tag-vallee-du-bandama"],"_links":{"self":[{"href":"https:\/\/www.lintelligentdabidjan.info\/news\/wp-json\/wp\/v2\/posts\/41785","targetHints":{"allow":["GET"]}}],"collection":[{"href":"https:\/\/www.lintelligentdabidjan.info\/news\/wp-json\/wp\/v2\/posts"}],"about":[{"href":"https:\/\/www.lintelligentdabidjan.info\/news\/wp-json\/wp\/v2\/types\/post"}],"author":[{"embeddable":true,"href":"https:\/\/www.lintelligentdabidjan.info\/news\/wp-json\/wp\/v2\/users\/4"}],"replies":[{"embeddable":true,"href":"https:\/\/www.lintelligentdabidjan.info\/news\/wp-json\/wp\/v2\/comments?post=41785"}],"version-history":[{"count":1,"href":"https:\/\/www.lintelligentdabidjan.info\/news\/wp-json\/wp\/v2\/posts\/41785\/revisions"}],"predecessor-version":[{"id":41787,"href":"https:\/\/www.lintelligentdabidjan.info\/news\/wp-json\/wp\/v2\/posts\/41785\/revisions\/41787"}],"wp:featuredmedia":[{"embeddable":true,"href":"https:\/\/www.lintelligentdabidjan.info\/news\/wp-json\/wp\/v2\/media\/41786"}],"wp:attachment":[{"href":"https:\/\/www.lintelligentdabidjan.info\/news\/wp-json\/wp\/v2\/media?parent=41785"}],"wp:term":[{"taxonomy":"category","embeddable":true,"href":"https:\/\/www.lintelligentdabidjan.info\/news\/wp-json\/wp\/v2\/categories?post=41785"},{"taxonomy":"post_tag","embeddable":true,"href":"https:\/\/www.lintelligentdabidjan.info\/news\/wp-json\/wp\/v2\/tags?post=41785"}],"curies":[{"name":"wp","href":"https:\/\/api.w.org\/{rel}","templated":true}]}}