{"id":41800,"date":"2025-12-31T06:23:10","date_gmt":"2025-12-31T05:23:10","guid":{"rendered":"https:\/\/www.lintelligentdabidjan.info\/news\/?p=41800"},"modified":"2025-12-31T06:23:34","modified_gmt":"2025-12-31T05:23:34","slug":"office-du-service-civique-national-une-ceremonie-dhommage-aux-agents-admis-a-la-retraite","status":"publish","type":"post","link":"https:\/\/www.lintelligentdabidjan.info\/news\/office-du-service-civique-national-une-ceremonie-dhommage-aux-agents-admis-a-la-retraite\/","title":{"rendered":"\u00a0Office du Service civique national: Une c\u00e9r\u00e9monie d\u2019hommage aux agents admis \u00e0 la retraite"},"content":{"rendered":"<p><strong>L\u2019Office du Service civique national (OSCN) a rendu, le mardi 30 d\u00e9cembre 2025, un hommage \u00e0 ses agents admis \u00e0 la retraite, lors d\u2019une c\u00e9r\u00e9monie organis\u00e9e dans la cour de sa Direction g\u00e9n\u00e9rale, \u00e0 Abidjan-Cocody. Cette initiative traduit la volont\u00e9 de l\u2019institution de saluer l\u2019engagement et le d\u00e9vouement de celles et ceux qui ont consacr\u00e9 une part importante de leur vie professionnelle au service de l\u2019OSCN et de la Nation ivoirienne.<\/strong><\/p>\n<p>Plac\u00e9e sous le signe de la reconnaissance et de la transmission interg\u00e9n\u00e9rationnelle, la c\u00e9r\u00e9monie a permis de c\u00e9l\u00e9brer des parcours exemplaires et de renforcer la culture institutionnelle. Les retrait\u00e9s honor\u00e9s sont : Tour\u00e9 Mamadou, ancien Directeur g\u00e9n\u00e9ral de l\u2019OSCN, Zabavi F\u00e9licien (6 ans d\u2019anciennet\u00e9), Assouman n\u00e9e Yao Amenan Juliette (7 ans), Bonebo n\u00e9e Assindjo Akouba Cl\u00e9mence (10 ans), Doumbia Djakariya (10 ans) et Sogodogo n\u00e9e Kon\u00e9 Minata.<\/p>\n<p>\u00c0 travers cette rencontre, l\u2019OSCN visait notamment \u00e0 honorer publiquement les agents retrait\u00e9s, \u00e0 leur remettre des distinctions et pr\u00e9sents symboliques, mais aussi \u00e0 renforcer le sentiment d\u2019appartenance du personnel en activit\u00e9 et \u00e0 promouvoir l\u2019excellence et l\u2019exemplarit\u00e9.<\/p>\n<p>\u00c0 cette occasion, Tour\u00e9 Mamadou a salu\u00e9 le soutien des hautes autorit\u00e9s de l\u2019\u00c9tat, citant notamment les ministres Fid\u00e8le Sarassoro, Sidi Tiemoko Tour\u00e9, Mamadou Tour\u00e9, ainsi que le Premier ministre Patrick Achi. \u00ab En quittant cette fonction et en laissant la place \u00e0 des plus jeunes, nous n\u2019\u00e9prouvons que de la fiert\u00e9 \u00bb, a-t-il dit, appelant les \u00e9quipes actuelles \u00e0 demeurer disponibles, innovantes et humaines face aux d\u00e9fis li\u00e9s \u00e0 l\u2019encadrement des jeunes.<\/p>\n<p>De son c\u00f4t\u00e9, Amara Coulibaly, Directeur g\u00e9n\u00e9ral de l\u2019OSCN, a rendu hommage aux pionniers de l\u2019institution, indiquant que \u00ab gr\u00e2ce \u00e0 leur expertise et leur t\u00e9nacit\u00e9, l\u2019OSCN est aujourd\u2019hui une r\u00e9f\u00e9rence en C\u00f4te d\u2019Ivoire \u00bb.<\/p>\n<p>Au nom des r\u00e9cipiendaires, Bonebo n\u00e9e Assindjo Akouba Cl\u00e9mence a exprim\u00e9 la gratitude des retrait\u00e9s, rappelant le r\u00f4le d\u00e9terminant de Tour\u00e9 Mamadou, ancien directeur G\u00e9n\u00e9ral de l&#8217;Oscn dans la cr\u00e9ation et la structuration de l\u2019Office. \u00ab Cette c\u00e9r\u00e9monie est pour nous une marque de reconnaissance qui nous touche profond\u00e9ment \u00bb, a-t-elle conclu.<\/p>\n<p>&nbsp;<\/p>\n<p><strong>Mamadou Ouattara avec Ly Abdul\u00a0<\/strong><\/p>\n<p>&nbsp;<\/p>\n<p>&nbsp;<\/p>\n<p>&nbsp;<\/p>\n<p>&nbsp;<\/p>\n<p>&nbsp;<\/p>\n<p>&nbsp;<\/p>\n<p>&nbsp;<\/p>\n","protected":false},"excerpt":{"rendered":"<p>L\u2019Office du Service civique national (OSCN) a rendu, le mardi 30 d\u00e9cembre 2025, un hommage \u00e0 ses agents admis \u00e0 la retraite, lors d\u2019une c\u00e9r\u00e9monie organis\u00e9e dans la cour de sa Direction g\u00e9n\u00e9rale, \u00e0 Abidjan-Cocody. Cette initiative traduit la volont\u00e9 de l\u2019institution de saluer l\u2019engagement et le d\u00e9vouement de celles et ceux qui ont consacr\u00e9 [&hellip;]<\/p>\n","protected":false},"author":4,"featured_media":41801,"comment_status":"closed","ping_status":"closed","sticky":false,"template":"","format":"standard","meta":{"_monsterinsights_skip_tracking":false,"_monsterinsights_sitenote_active":false,"_monsterinsights_sitenote_note":"","_monsterinsights_sitenote_category":0,"footnotes":""},"categories":[2,3],"tags":[6789,715,6790,4807,6788],"class_list":["post-41800","post","type-post","status-publish","format-standard","has-post-thumbnail","hentry","category-featured","category-societe","tag-agents-admis","tag-hommage","tag-la-retraite","tag-office-du-service-civique-national","tag-une-ceremonie"],"_links":{"self":[{"href":"https:\/\/www.lintelligentdabidjan.info\/news\/wp-json\/wp\/v2\/posts\/41800","targetHints":{"allow":["GET"]}}],"collection":[{"href":"https:\/\/www.lintelligentdabidjan.info\/news\/wp-json\/wp\/v2\/posts"}],"about":[{"href":"https:\/\/www.lintelligentdabidjan.info\/news\/wp-json\/wp\/v2\/types\/post"}],"author":[{"embeddable":true,"href":"https:\/\/www.lintelligentdabidjan.info\/news\/wp-json\/wp\/v2\/users\/4"}],"replies":[{"embeddable":true,"href":"https:\/\/www.lintelligentdabidjan.info\/news\/wp-json\/wp\/v2\/comments?post=41800"}],"version-history":[{"count":1,"href":"https:\/\/www.lintelligentdabidjan.info\/news\/wp-json\/wp\/v2\/posts\/41800\/revisions"}],"predecessor-version":[{"id":41802,"href":"https:\/\/www.lintelligentdabidjan.info\/news\/wp-json\/wp\/v2\/posts\/41800\/revisions\/41802"}],"wp:featuredmedia":[{"embeddable":true,"href":"https:\/\/www.lintelligentdabidjan.info\/news\/wp-json\/wp\/v2\/media\/41801"}],"wp:attachment":[{"href":"https:\/\/www.lintelligentdabidjan.info\/news\/wp-json\/wp\/v2\/media?parent=41800"}],"wp:term":[{"taxonomy":"category","embeddable":true,"href":"https:\/\/www.lintelligentdabidjan.info\/news\/wp-json\/wp\/v2\/categories?post=41800"},{"taxonomy":"post_tag","embeddable":true,"href":"https:\/\/www.lintelligentdabidjan.info\/news\/wp-json\/wp\/v2\/tags?post=41800"}],"curies":[{"name":"wp","href":"https:\/\/api.w.org\/{rel}","templated":true}]}}