{"id":41806,"date":"2025-12-31T06:31:13","date_gmt":"2025-12-31T05:31:13","guid":{"rendered":"https:\/\/www.lintelligentdabidjan.info\/news\/?p=41806"},"modified":"2025-12-31T06:49:44","modified_gmt":"2025-12-31T05:49:44","slug":"lintelligent-en-pdf-population-electorale-chiffres-electoraux-tous-les-inscrits-ne-votent-pas-automatiquement-ou-la-cei-face-aux-proces-dintention","status":"publish","type":"post","link":"https:\/\/www.lintelligentdabidjan.info\/news\/lintelligent-en-pdf-population-electorale-chiffres-electoraux-tous-les-inscrits-ne-votent-pas-automatiquement-ou-la-cei-face-aux-proces-dintention\/","title":{"rendered":"L&#8217;Intelligent en PDF:  Population \u00e9lectorale, chiffres \u00e9lectoraux     Tous les inscrits ne votent pas automatiquement ou la CEI face aux proc\u00e8s d\u2019intention\u00a0"},"content":{"rendered":"<p dir=\"ltr\"><strong>La population \u00e9lectorale est celle inscrite et appel\u00e9e \u00e0 prendre part au vote. Cette population g\u00e9n\u00e9rale est de 8 727 431 dont 8 607 253 sur le territoire national \u00e0 l&#8217;issue de la derni\u00e8re r\u00e9vision-mise \u00e0 jour. La population \u00e9tablie \u00e0 l&#8217;ext\u00e9rieur ne participe qu&#8217;\u00e0 l&#8217;\u00e9lection du Pr\u00e9sident de la R\u00e9publique et n&#8217;est pas concern\u00e9e par les \u00e9lections des d\u00e9put\u00e9s<\/strong><\/p>\n<p dir=\"ltr\">La suite \u00e0 d\u00e9couvrir dans vos kiosques et en ligne sur&#8230;<\/p>\n<p><a href=\"https:\/\/news.abidjan.net\/titrologie\/39-lintelligent-dabidjan\/articles\" target=\"_blank\" rel=\"noopener\">https:\/\/news.abidjan.net\/titrologie\/39-lintelligent-dabidjan\/articles<\/a><\/p>\n<p dir=\"ltr\">\u00c0 lire \u00e9galement Dano Dj\u00e9dj\u00e9\u00a0 maintient\u00a0 la ligne dure du\u00a0 PPA- CI\u00a0 apr\u00e8s le scrutin l\u00e9gislatif du 27 d\u00e9cembre 2025; Participation de 18,58 % et domination du Rhdp sur le Pdci\u00a0 aux l\u00e9gislatives 2025 \u00e0 Abidjan; le minist\u00e8re de la Construction met en garde contre les op\u00e9rations de remblayage sur le domaine fluvio-lagunaire \u00e0 Abidjan; ce que Thierry Mouyouma\u00a0 et Fa\u00e9 Emerse ont dit\u00a0 dans le cadre de la\u00a0 CAN 2025.<\/p>\n<p>&nbsp;<\/p>\n<p dir=\"ltr\">Cliquez pour les d\u00e9tails<\/p>\n<p><a href=\"https:\/\/www.afrikipresse.fr\/abonnement\" target=\"_blank\" rel=\"noopener\">https:\/\/www.afrikipresse.fr\/abonnement<\/a><\/p>\n<p dir=\"ltr\">\u00a0\u00a0\u00c0 voir aussi l&#8217;Interview de Ti\u00e9br\u00e9 Marie Solange sur le Centre national de floristique.<\/p>\n<p><a href=\"https:\/\/www.pressecotedivoire.fr\/titrologie\" target=\"_blank\" rel=\"noopener\">https:\/\/www.pressecotedivoire.fr\/titrologie<\/a><\/p>\n","protected":false},"excerpt":{"rendered":"<p>La population \u00e9lectorale est celle inscrite et appel\u00e9e \u00e0 prendre part au vote. Cette population g\u00e9n\u00e9rale est de 8 727 431 dont 8 607 253 sur le territoire national \u00e0 l&#8217;issue de la derni\u00e8re r\u00e9vision-mise \u00e0 jour. La population \u00e9tablie \u00e0 l&#8217;ext\u00e9rieur ne participe qu&#8217;\u00e0 l&#8217;\u00e9lection du Pr\u00e9sident de la R\u00e9publique et n&#8217;est pas concern\u00e9e [&hellip;]<\/p>\n","protected":false},"author":4,"featured_media":41807,"comment_status":"closed","ping_status":"closed","sticky":false,"template":"","format":"standard","meta":{"_monsterinsights_skip_tracking":false,"_monsterinsights_sitenote_active":false,"_monsterinsights_sitenote_note":"","_monsterinsights_sitenote_category":0,"footnotes":""},"categories":[2,3],"tags":[],"class_list":["post-41806","post","type-post","status-publish","format-standard","has-post-thumbnail","hentry","category-featured","category-societe"],"_links":{"self":[{"href":"https:\/\/www.lintelligentdabidjan.info\/news\/wp-json\/wp\/v2\/posts\/41806","targetHints":{"allow":["GET"]}}],"collection":[{"href":"https:\/\/www.lintelligentdabidjan.info\/news\/wp-json\/wp\/v2\/posts"}],"about":[{"href":"https:\/\/www.lintelligentdabidjan.info\/news\/wp-json\/wp\/v2\/types\/post"}],"author":[{"embeddable":true,"href":"https:\/\/www.lintelligentdabidjan.info\/news\/wp-json\/wp\/v2\/users\/4"}],"replies":[{"embeddable":true,"href":"https:\/\/www.lintelligentdabidjan.info\/news\/wp-json\/wp\/v2\/comments?post=41806"}],"version-history":[{"count":2,"href":"https:\/\/www.lintelligentdabidjan.info\/news\/wp-json\/wp\/v2\/posts\/41806\/revisions"}],"predecessor-version":[{"id":41811,"href":"https:\/\/www.lintelligentdabidjan.info\/news\/wp-json\/wp\/v2\/posts\/41806\/revisions\/41811"}],"wp:featuredmedia":[{"embeddable":true,"href":"https:\/\/www.lintelligentdabidjan.info\/news\/wp-json\/wp\/v2\/media\/41807"}],"wp:attachment":[{"href":"https:\/\/www.lintelligentdabidjan.info\/news\/wp-json\/wp\/v2\/media?parent=41806"}],"wp:term":[{"taxonomy":"category","embeddable":true,"href":"https:\/\/www.lintelligentdabidjan.info\/news\/wp-json\/wp\/v2\/categories?post=41806"},{"taxonomy":"post_tag","embeddable":true,"href":"https:\/\/www.lintelligentdabidjan.info\/news\/wp-json\/wp\/v2\/tags?post=41806"}],"curies":[{"name":"wp","href":"https:\/\/api.w.org\/{rel}","templated":true}]}}