{"id":41815,"date":"2025-12-31T18:54:25","date_gmt":"2025-12-31T17:54:25","guid":{"rendered":"https:\/\/www.lintelligentdabidjan.info\/news\/?p=41815"},"modified":"2025-12-31T18:54:32","modified_gmt":"2025-12-31T17:54:32","slug":"paris-la-marque-ivoirienne-aliwax-inaugure-son-showroom-de-maroquinerie","status":"publish","type":"post","link":"https:\/\/www.lintelligentdabidjan.info\/news\/paris-la-marque-ivoirienne-aliwax-inaugure-son-showroom-de-maroquinerie\/","title":{"rendered":"Paris : la marque ivoirienne ALIWAX inaugure son showroom de maroquinerie"},"content":{"rendered":"<p><strong>La marque ivoirienne de maroquinerie ALIWAX a inaugur\u00e9 son showroom-boutique le samedi 20 d\u00e9cembre 2025, rue de Berri \u00e0 Paris, \u00e0 proximit\u00e9 des Champs-\u00c9lys\u00e9es, en pr\u00e9sence de Dr Drissa Kon\u00e9, chef du service commercial de l\u2019Ambassade de C\u00f4te d\u2019Ivoire en France, repr\u00e9sentant Maurice Kouakou Bandaman, ambassadeur de C\u00f4te d\u2019Ivoire.<\/strong><\/p>\n<p>Le nouvel espace met en valeur un ensemble de produits de maroquinerie enti\u00e8rement fabriqu\u00e9s en C\u00f4te d\u2019Ivoire, comprenant sacs, ceintures et portefeuilles, alliant design contemporain et savoir\u2011faire artisanal.<\/p>\n<p>Fond\u00e9e en 2017 par Alice Gnapa, ALIWAX Collection s\u2019est d\u2019abord d\u00e9velopp\u00e9e gr\u00e2ce \u00e0 la vente en ligne et sur les march\u00e9s locaux avant d\u2019asseoir sa pr\u00e9sence \u00e0 l\u2019international avec l\u2019ouverture de ce point de vente \u00e0 Paris. La marque se distingue par son engagement en faveur de la formation des artisans, de la transmission des techniques traditionnelles et du d\u00e9veloppement de partenariats europ\u00e9ens, \u00e0 travers des \u00e9changes commerciaux et des rencontres professionnelles.<\/p>\n<p>Cette implantation parisienne marque une nouvelle \u00e9tape dans la croissance de la marque et confirme l\u2019ambition d\u2019ALIWAX de positionner durablement la maroquinerie ivoirienne sur la sc\u00e8ne internationale.<\/p>\n<p><strong>Ibrahim Khalil<\/strong><\/p>\n<p>&nbsp;<\/p>\n","protected":false},"excerpt":{"rendered":"<p>La marque ivoirienne de maroquinerie ALIWAX a inaugur\u00e9 son showroom-boutique le samedi 20 d\u00e9cembre 2025, rue de Berri \u00e0 Paris, \u00e0 proximit\u00e9 des Champs-\u00c9lys\u00e9es, en pr\u00e9sence de Dr Drissa Kon\u00e9, chef du service commercial de l\u2019Ambassade de C\u00f4te d\u2019Ivoire en France, repr\u00e9sentant Maurice Kouakou Bandaman, ambassadeur de C\u00f4te d\u2019Ivoire. Le nouvel espace met en valeur [&hellip;]<\/p>\n","protected":false},"author":4,"featured_media":41816,"comment_status":"closed","ping_status":"closed","sticky":false,"template":"","format":"standard","meta":{"_monsterinsights_skip_tracking":false,"_monsterinsights_sitenote_active":false,"_monsterinsights_sitenote_note":"","_monsterinsights_sitenote_category":0,"footnotes":""},"categories":[2,20],"tags":[2337,6799,112,6800],"class_list":["post-41815","post","type-post","status-publish","format-standard","has-post-thumbnail","hentry","category-featured","category-art-et-culture","tag-inaugure","tag-la-marque-ivoirienne-aliwax","tag-paris","tag-showroom-de-maroquinerie"],"_links":{"self":[{"href":"https:\/\/www.lintelligentdabidjan.info\/news\/wp-json\/wp\/v2\/posts\/41815","targetHints":{"allow":["GET"]}}],"collection":[{"href":"https:\/\/www.lintelligentdabidjan.info\/news\/wp-json\/wp\/v2\/posts"}],"about":[{"href":"https:\/\/www.lintelligentdabidjan.info\/news\/wp-json\/wp\/v2\/types\/post"}],"author":[{"embeddable":true,"href":"https:\/\/www.lintelligentdabidjan.info\/news\/wp-json\/wp\/v2\/users\/4"}],"replies":[{"embeddable":true,"href":"https:\/\/www.lintelligentdabidjan.info\/news\/wp-json\/wp\/v2\/comments?post=41815"}],"version-history":[{"count":1,"href":"https:\/\/www.lintelligentdabidjan.info\/news\/wp-json\/wp\/v2\/posts\/41815\/revisions"}],"predecessor-version":[{"id":41817,"href":"https:\/\/www.lintelligentdabidjan.info\/news\/wp-json\/wp\/v2\/posts\/41815\/revisions\/41817"}],"wp:featuredmedia":[{"embeddable":true,"href":"https:\/\/www.lintelligentdabidjan.info\/news\/wp-json\/wp\/v2\/media\/41816"}],"wp:attachment":[{"href":"https:\/\/www.lintelligentdabidjan.info\/news\/wp-json\/wp\/v2\/media?parent=41815"}],"wp:term":[{"taxonomy":"category","embeddable":true,"href":"https:\/\/www.lintelligentdabidjan.info\/news\/wp-json\/wp\/v2\/categories?post=41815"},{"taxonomy":"post_tag","embeddable":true,"href":"https:\/\/www.lintelligentdabidjan.info\/news\/wp-json\/wp\/v2\/tags?post=41815"}],"curies":[{"name":"wp","href":"https:\/\/api.w.org\/{rel}","templated":true}]}}