{"id":41821,"date":"2026-01-01T03:30:45","date_gmt":"2026-01-01T02:30:45","guid":{"rendered":"https:\/\/www.lintelligentdabidjan.info\/news\/?p=41821"},"modified":"2026-01-01T03:30:57","modified_gmt":"2026-01-01T02:30:57","slug":"ouattara-a-loccasion-de-son-message-de-nouvel-an-la-transmission-generationnelle-engagee-est-un-devoir-historique","status":"publish","type":"post","link":"https:\/\/www.lintelligentdabidjan.info\/news\/ouattara-a-loccasion-de-son-message-de-nouvel-an-la-transmission-generationnelle-engagee-est-un-devoir-historique\/","title":{"rendered":"Ouattara, \u00e0 l&#8217;occasion de son message de nouvel an :  &#8220;La transmission g\u00e9n\u00e9rationnelle engag\u00e9e est un devoir historique&#8221;"},"content":{"rendered":"<p style=\"text-align: center;\"><strong>Le mercredi 31 d\u00e9cembre 2025, dans son Message de nouvel an \u00e0 la nation , le Pr\u00e9sident de la R\u00e9publique, Alassane Ouattara, a inscrit son nouveau mandat dans une logique de continuit\u00e9, de responsabilit\u00e9 et de transmission g\u00e9n\u00e9rationnelle, qu\u2019il a qualifi\u00e9e de devoir historique pour assurer la stabilit\u00e9 et la prosp\u00e9rit\u00e9 durables de la C\u00f4te d\u2019Ivoire.<\/strong><\/p>\n<p>Revenant sur l\u2019ann\u00e9e 2025, le Chef de l\u2019\u00c9tat a soulign\u00e9 l\u2019importance de la s\u00e9quence \u00e9lectorale marqu\u00e9e par l\u2019\u00e9lection pr\u00e9sidentielle et les l\u00e9gislatives. Malgr\u00e9 quelques incidents isol\u00e9s, ces consultations ont confirm\u00e9, selon lui, la maturit\u00e9 d\u00e9mocratique du pays et l\u2019attachement des Ivoiriens \u00e0 la paix, \u00e0 l\u2019\u00c9tat de droit et au bon fonctionnement des institutions. Il a exprim\u00e9 sa profonde gratitude pour la confiance renouvel\u00e9e \u00e0 une large majorit\u00e9.<\/p>\n<p>Fort de cette l\u00e9gitimit\u00e9, Alassane Ouattara a r\u00e9affirm\u00e9 les priorit\u00e9s de son nouveau mandat : consolidation de la paix et de la s\u00e9curit\u00e9, renforcement de la coh\u00e9sion nationale et poursuite r\u00e9solue du d\u00e9veloppement \u00e9conomique et social, dans un esprit de solidarit\u00e9 envers les couches les plus vuln\u00e9rables. Son ambition demeure la construction d\u2019une \u00ab Grande C\u00f4te d\u2019Ivoire, ambitieuse et solidaire \u00bb, respect\u00e9e et performante.<\/p>\n<p>D\u00e8s 2026, le Gouvernement poursuivra les grands chantiers structurants, notamment dans les domaines des infrastructures routi\u00e8res, ferroviaires, \u00e9nerg\u00e9tiques et hydrauliques. L\u2019industrialisation, la transformation agro-industrielle et le d\u00e9veloppement d\u2019une \u00e9conomie de services comp\u00e9titive seront acc\u00e9l\u00e9r\u00e9s afin de cr\u00e9er davantage d\u2019emplois et de valeur ajout\u00e9e. Dans le cadre du Plan national de d\u00e9veloppement 2026-2030, l\u2019am\u00e9lioration de la qualit\u00e9 des services publics constituera une priorit\u00e9 centrale.<\/p>\n<p>Le Pr\u00e9sident a \u00e9galement adress\u00e9 un message fort aux fonctionnaires et agents de l\u2019\u00c9tat. Conform\u00e9ment aux engagements pris, la prime sp\u00e9ciale de fin d\u2019ann\u00e9e sera vers\u00e9e en janvier 2026, \u00e0 hauteur de deux tiers du salaire indiciaire de base. Un geste qui, selon lui, traduit la reconnaissance de la Nation envers celles et ceux qui servent l\u2019\u00c9tat au quotidien avec d\u00e9vouement.<\/p>\n<p>Au c\u0153ur du projet pr\u00e9sidentiel, les jeunes et les femmes demeurent des acteurs cl\u00e9s. Leur formation, leur insertion professionnelle, leur cr\u00e9ativit\u00e9 et leur engagement sont essentiels pour pr\u00e9parer l\u2019avenir.<\/p>\n<p>&#8220;De m\u00eame, la transmission g\u00e9n\u00e9rationnelle engag\u00e9e est un devoir historique. Elle reposera sur un h\u00e9ritage fond\u00e9 sur l\u2019\u00e9ducation aux valeurs citoyennes : l\u2019unit\u00e9, le travail, la solidarit\u00e9, le m\u00e9rite et l\u2019excellence, dans le respect de la diversit\u00e9, dans la tol\u00e9rance et la justice sociale.<\/p>\n<p>Pour Alassane Ouattara, doter la C\u00f4te d\u2019Ivoire d\u2019une \u00e9lite comp\u00e9tente et attach\u00e9e \u00e0 l\u2019int\u00e9r\u00eat g\u00e9n\u00e9ral est la condition indispensable pour garantir la continuit\u00e9 et la solidit\u00e9 du mod\u00e8le de d\u00e9veloppement. Il a enfin appel\u00e9 \u00e0 la pr\u00e9servation de la paix et de la coh\u00e9sion sociale, souhaitant que 2026 ouvre un nouveau chapitre pour une C\u00f4te d\u2019Ivoire apais\u00e9e, ambitieuse et rayonnante.<\/p>\n<p><strong>Tour\u00e9 Abdoulaye<\/strong><\/p>\n<p>&nbsp;<\/p>\n","protected":false},"excerpt":{"rendered":"<p>Le mercredi 31 d\u00e9cembre 2025, dans son Message de nouvel an \u00e0 la nation , le Pr\u00e9sident de la R\u00e9publique, Alassane Ouattara, a inscrit son nouveau mandat dans une logique de continuit\u00e9, de responsabilit\u00e9 et de transmission g\u00e9n\u00e9rationnelle, qu\u2019il a qualifi\u00e9e de devoir historique pour assurer la stabilit\u00e9 et la prosp\u00e9rit\u00e9 durables de la C\u00f4te [&hellip;]<\/p>\n","protected":false},"author":4,"featured_media":41822,"comment_status":"closed","ping_status":"closed","sticky":false,"template":"","format":"standard","meta":{"_monsterinsights_skip_tracking":false,"_monsterinsights_sitenote_active":false,"_monsterinsights_sitenote_note":"","_monsterinsights_sitenote_category":0,"footnotes":""},"categories":[2,17],"tags":[6804,6803,6802,34,6805],"class_list":["post-41821","post","type-post","status-publish","format-standard","has-post-thumbnail","hentry","category-featured","category-politique","tag-generationnelle","tag-la-transmission","tag-message-de-nouvel-an","tag-ouattara","tag-un-devoir-historique"],"_links":{"self":[{"href":"https:\/\/www.lintelligentdabidjan.info\/news\/wp-json\/wp\/v2\/posts\/41821","targetHints":{"allow":["GET"]}}],"collection":[{"href":"https:\/\/www.lintelligentdabidjan.info\/news\/wp-json\/wp\/v2\/posts"}],"about":[{"href":"https:\/\/www.lintelligentdabidjan.info\/news\/wp-json\/wp\/v2\/types\/post"}],"author":[{"embeddable":true,"href":"https:\/\/www.lintelligentdabidjan.info\/news\/wp-json\/wp\/v2\/users\/4"}],"replies":[{"embeddable":true,"href":"https:\/\/www.lintelligentdabidjan.info\/news\/wp-json\/wp\/v2\/comments?post=41821"}],"version-history":[{"count":2,"href":"https:\/\/www.lintelligentdabidjan.info\/news\/wp-json\/wp\/v2\/posts\/41821\/revisions"}],"predecessor-version":[{"id":41824,"href":"https:\/\/www.lintelligentdabidjan.info\/news\/wp-json\/wp\/v2\/posts\/41821\/revisions\/41824"}],"wp:featuredmedia":[{"embeddable":true,"href":"https:\/\/www.lintelligentdabidjan.info\/news\/wp-json\/wp\/v2\/media\/41822"}],"wp:attachment":[{"href":"https:\/\/www.lintelligentdabidjan.info\/news\/wp-json\/wp\/v2\/media?parent=41821"}],"wp:term":[{"taxonomy":"category","embeddable":true,"href":"https:\/\/www.lintelligentdabidjan.info\/news\/wp-json\/wp\/v2\/categories?post=41821"},{"taxonomy":"post_tag","embeddable":true,"href":"https:\/\/www.lintelligentdabidjan.info\/news\/wp-json\/wp\/v2\/tags?post=41821"}],"curies":[{"name":"wp","href":"https:\/\/api.w.org\/{rel}","templated":true}]}}