{"id":41825,"date":"2026-01-01T22:17:30","date_gmt":"2026-01-01T21:17:30","guid":{"rendered":"https:\/\/www.lintelligentdabidjan.info\/news\/?p=41825"},"modified":"2026-01-01T22:17:41","modified_gmt":"2026-01-01T21:17:41","slug":"assemblee-nationale-adama-bictogo-clot-la-2%e1%b5%89-session-ordinaire-entre-hommages-et-perspectives-pour-2025-2030","status":"publish","type":"post","link":"https:\/\/www.lintelligentdabidjan.info\/news\/assemblee-nationale-adama-bictogo-clot-la-2%e1%b5%89-session-ordinaire-entre-hommages-et-perspectives-pour-2025-2030\/","title":{"rendered":"Assembl\u00e9e nationale : Adama Bictogo cl\u00f4t la 2\u1d49 session ordinaire entre hommages et perspectives pour 2025-2030"},"content":{"rendered":"<p><strong>L\u2019Assembl\u00e9e nationale de C\u00f4te d\u2019Ivoire a officiellement clos sa deuxi\u00e8me session ordinaire le mercredi 31 d\u00e9cembre 2025. \u00c0 cette occasion, le pr\u00e9sident de l\u2019Institution, Adama Bictogo, a salu\u00e9 le travail accompli par les d\u00e9put\u00e9s et le personnel administratif, lors d\u2019une c\u00e9r\u00e9monie empreinte de solennit\u00e9, en pr\u00e9sence de la pr\u00e9sidente du S\u00e9nat, Kandia Camara, r\u00e9pr\u00e9sentant le Pr\u00e9sident de la R\u00e9publique Alassane Ouattara.<\/strong><\/p>\n<p>Dans son allocution, Adama Bictogo a soulign\u00e9 que les travaux parlementaires se sont d\u00e9roul\u00e9s \u00ab avec rigueur et responsabilit\u00e9 \u00bb, gr\u00e2ce \u00e0 l\u2019engagement collectif des \u00e9lus et \u00e0 l\u2019appui constant de l\u2019administration parlementaire. Il a rendu un hommage appuy\u00e9 au personnel de l\u2019Assembl\u00e9e nationale, qualifi\u00e9 de \u00ab pilier essentiel du bon fonctionnement de l\u2019Institution \u00bb.<\/p>\n<p>\u00ab Votre disponibilit\u00e9, votre loyaut\u00e9 et votre professionnalisme honorent l\u2019Assembl\u00e9e nationale \u00bb, a-t-il d\u00e9clar\u00e9, mettant en avant leur contribution d\u00e9terminante \u00e0 l\u2019efficacit\u00e9 des travaux.<\/p>\n<p>S\u2019adressant aux d\u00e9put\u00e9s, le pr\u00e9sident de l\u2019Assembl\u00e9e nationale a rappel\u00e9 que la l\u00e9gislature 2021-2025 a \u00e9t\u00e9 marqu\u00e9e par un engagement constant au service de la Nation. Il a rendu un hommage particulier aux parlementaires sortants \u00e0 l\u2019issue des \u00e9lections l\u00e9gislatives du 27 d\u00e9cembre 2025, notamment Ben Abdoulaye M\u00e9\u00eft\u00e9, Issouf Traor\u00e9, Famoussa Coulibaly, \u00c9mile Guiri\u00e9oulou, Jean\u2011Louis Billon, Michel Gbagbo et Tour\u00e9 Massara. Il leur a souhait\u00e9 plein succ\u00e8s pour la suite de leur parcours, appelant au maintien des valeurs de responsabilit\u00e9 et de fraternit\u00e9.<\/p>\n<p>Enfin, Adama Bictogo a f\u00e9licit\u00e9 les d\u00e9put\u00e9s r\u00e9\u00e9lus de la l\u00e9gislature 2025\u20112030 et les a invit\u00e9s \u00e0 poursuivre le rayonnement de l\u2019Assembl\u00e9e nationale sur les sc\u00e8nes nationale et internationale.<\/p>\n<p><strong>Bilan l\u00e9gislatif 2021\u20112025<\/strong><\/p>\n<p>Sur le plan du bilan, le pr\u00e9sident de l\u2019Assembl\u00e9e nationale a indiqu\u00e9 que 168 textes de loi ont \u00e9t\u00e9 examin\u00e9s et adopt\u00e9s au cours de la l\u00e9gislature, dont 149 sous sa pr\u00e9sidence, contribuant au renforcement de l\u2019\u00c9tat de droit et au d\u00e9veloppement des infrastructures, notamment \u00e0 travers des lois sur le transport et l\u2019am\u00e9nagement du territoire.<\/p>\n<p><strong>Olivier Dion<\/strong><\/p>\n<p>&nbsp;<\/p>\n","protected":false},"excerpt":{"rendered":"<p>L\u2019Assembl\u00e9e nationale de C\u00f4te d\u2019Ivoire a officiellement clos sa deuxi\u00e8me session ordinaire le mercredi 31 d\u00e9cembre 2025. \u00c0 cette occasion, le pr\u00e9sident de l\u2019Institution, Adama Bictogo, a salu\u00e9 le travail accompli par les d\u00e9put\u00e9s et le personnel administratif, lors d\u2019une c\u00e9r\u00e9monie empreinte de solennit\u00e9, en pr\u00e9sence de la pr\u00e9sidente du S\u00e9nat, Kandia Camara, r\u00e9pr\u00e9sentant le [&hellip;]<\/p>\n","protected":false},"author":4,"featured_media":41826,"comment_status":"closed","ping_status":"closed","sticky":false,"template":"","format":"standard","meta":{"_monsterinsights_skip_tracking":false,"_monsterinsights_sitenote_active":false,"_monsterinsights_sitenote_note":"","_monsterinsights_sitenote_category":0,"footnotes":""},"categories":[2,17],"tags":[323,76,6806,6807,4429,6808],"class_list":["post-41825","post","type-post","status-publish","format-standard","has-post-thumbnail","hentry","category-featured","category-politique","tag-adama-bictogo","tag-assemblee-nationale","tag-clot","tag-hommages","tag-la-2-session-ordinaire","tag-perspectives-pour-2025-2030"],"_links":{"self":[{"href":"https:\/\/www.lintelligentdabidjan.info\/news\/wp-json\/wp\/v2\/posts\/41825","targetHints":{"allow":["GET"]}}],"collection":[{"href":"https:\/\/www.lintelligentdabidjan.info\/news\/wp-json\/wp\/v2\/posts"}],"about":[{"href":"https:\/\/www.lintelligentdabidjan.info\/news\/wp-json\/wp\/v2\/types\/post"}],"author":[{"embeddable":true,"href":"https:\/\/www.lintelligentdabidjan.info\/news\/wp-json\/wp\/v2\/users\/4"}],"replies":[{"embeddable":true,"href":"https:\/\/www.lintelligentdabidjan.info\/news\/wp-json\/wp\/v2\/comments?post=41825"}],"version-history":[{"count":1,"href":"https:\/\/www.lintelligentdabidjan.info\/news\/wp-json\/wp\/v2\/posts\/41825\/revisions"}],"predecessor-version":[{"id":41827,"href":"https:\/\/www.lintelligentdabidjan.info\/news\/wp-json\/wp\/v2\/posts\/41825\/revisions\/41827"}],"wp:featuredmedia":[{"embeddable":true,"href":"https:\/\/www.lintelligentdabidjan.info\/news\/wp-json\/wp\/v2\/media\/41826"}],"wp:attachment":[{"href":"https:\/\/www.lintelligentdabidjan.info\/news\/wp-json\/wp\/v2\/media?parent=41825"}],"wp:term":[{"taxonomy":"category","embeddable":true,"href":"https:\/\/www.lintelligentdabidjan.info\/news\/wp-json\/wp\/v2\/categories?post=41825"},{"taxonomy":"post_tag","embeddable":true,"href":"https:\/\/www.lintelligentdabidjan.info\/news\/wp-json\/wp\/v2\/tags?post=41825"}],"curies":[{"name":"wp","href":"https:\/\/api.w.org\/{rel}","templated":true}]}}