{"id":41828,"date":"2026-01-01T22:25:57","date_gmt":"2026-01-01T21:25:57","guid":{"rendered":"https:\/\/www.lintelligentdabidjan.info\/news\/?p=41828"},"modified":"2026-01-01T22:26:05","modified_gmt":"2026-01-01T21:26:05","slug":"fin-dannee-2025-mambe-kandia-camara-et-bacongo-celebrent-paix-unite-et-cohesion-nationale","status":"publish","type":"post","link":"https:\/\/www.lintelligentdabidjan.info\/news\/fin-dannee-2025-mambe-kandia-camara-et-bacongo-celebrent-paix-unite-et-cohesion-nationale\/","title":{"rendered":"Fin d\u2019ann\u00e9e 2025 : Mamb\u00e9, Kandia Camara et Bacongo c\u00e9l\u00e8brent paix, unit\u00e9 et coh\u00e9sion nationale"},"content":{"rendered":"<p><strong>La C\u00f4te d\u2019Ivoire a cl\u00f4tur\u00e9 l\u2019ann\u00e9e 2025, le mercredi 31 d\u00e9cembre, au Palais de la Culture d\u2019Abidjan. \u00c0 l\u2019occasion du traditionnel spectacle de feux d\u2019artifice sur la lagune \u00c9bri\u00e9, les autorit\u00e9s ivoiriennes ont r\u00e9affirm\u00e9 leur attachement \u00e0 la paix, \u00e0 la stabilit\u00e9 et \u00e0 l\u2019unit\u00e9 nationale.<\/strong><\/p>\n<p>S\u2019exprimant au nom de la Premi\u00e8re dame, Dominique Ouattara, la pr\u00e9sidente du S\u00e9nat, Kandia Camara, a salu\u00e9 les avanc\u00e9es politiques et sociales du pays, en appelant les Ivoiriens \u00e0 pr\u00e9server la coh\u00e9sion nationale en 2026.<br \/>\n\u00ab C\u2019est avec un r\u00e9el plaisir que je m\u2019associe \u00e0 votre joie pour c\u00e9l\u00e9brer ensemble la fin de l\u2019ann\u00e9e 2025 dans une ambiance \u00e9clatante de mille feux \u00bb, a-t-elle d\u00e9clar\u00e9.<\/p>\n<p>Elle a rappel\u00e9 que ce rendez-vous est devenu un moment de rassemblement national, avant de transmettre les salutations de la Premi\u00e8re dame au Premier ministre, Robert Beugr\u00e9 Mamb\u00e9, dont elle a salu\u00e9 le leadership et l\u2019engagement. Kandia Camara a \u00e9galement f\u00e9licit\u00e9 le ministre, gouverneur du District autonome d\u2019Abidjan, Ibrahima Ciss\u00e9 Bacongo, qualifi\u00e9 d\u2019\u00ab homme de devoir \u00bb, pour les chantiers engag\u00e9s en faveur de l\u2019am\u00e9lioration du cadre de vie urbain.<\/p>\n<p>Sur le plan politique, la pr\u00e9sidente du S\u00e9nat a soulign\u00e9 que l\u2019ann\u00e9e 2025 a \u00e9t\u00e9 marqu\u00e9e par des \u00e9ch\u00e9ances \u00e9lectorales majeures, notamment la pr\u00e9sidentielle et les l\u00e9gislatives, affirmant que le peuple ivoirien a renouvel\u00e9 sa confiance au pr\u00e9sident Alassane Ouattara.<\/p>\n<p>Elle a, par ailleurs, adress\u00e9 ses f\u00e9licitations aux \u00c9l\u00e9phants, qualifi\u00e9s pour les huiti\u00e8mes de finale de la CAN 2025, avant de souhaiter une ann\u00e9e 2026 plac\u00e9e sous le signe de la paix, de l\u2019unit\u00e9 et de la prosp\u00e9rit\u00e9.<\/p>\n<h2><strong>Des feux d\u2019artifice porteurs de symboles<\/strong><\/h2>\n<p>Pour le ministre, gouverneur Ibrahima Ciss\u00e9 Bacongo, &#8220;F\u00e9erie sur la lagune pour la paix et l&#8217;unit\u00e9&#8221;, le th\u00e8me de ce spectacle, d\u00e9passe le simple divertissement.<br \/>\n\u00ab Ces feux d\u2019artifice sont un message de rassemblement, d\u2019esp\u00e9rance et de renouveau pour Abidjan et pour toute la C\u00f4te d\u2019Ivoire \u00bb, a-t-il soulign\u00e9.<\/p>\n<p>Cette \u00e9dition a innov\u00e9 avec des projections aux couleurs du Drapeau ivoirien, des Armoiries nationales, de l\u2019\u00c9l\u00e9phant, embl\u00e8me de la C\u00f4te d&#8217;Ivoire, et de la Colombe de la paix, suscitant l\u2019enthousiasme d\u2019un public nombreux et \u00e9mu, dans une atmosph\u00e8re conviviale et fraternelle.<\/p>\n<p><strong>Olivier Dion<\/strong><\/p>\n<p>&nbsp;<\/p>\n","protected":false},"excerpt":{"rendered":"<p>La C\u00f4te d\u2019Ivoire a cl\u00f4tur\u00e9 l\u2019ann\u00e9e 2025, le mercredi 31 d\u00e9cembre, au Palais de la Culture d\u2019Abidjan. \u00c0 l\u2019occasion du traditionnel spectacle de feux d\u2019artifice sur la lagune \u00c9bri\u00e9, les autorit\u00e9s ivoiriennes ont r\u00e9affirm\u00e9 leur attachement \u00e0 la paix, \u00e0 la stabilit\u00e9 et \u00e0 l\u2019unit\u00e9 nationale. S\u2019exprimant au nom de la Premi\u00e8re dame, Dominique Ouattara, [&hellip;]<\/p>\n","protected":false},"author":4,"featured_media":41829,"comment_status":"closed","ping_status":"closed","sticky":false,"template":"","format":"standard","meta":{"_monsterinsights_skip_tracking":false,"_monsterinsights_sitenote_active":false,"_monsterinsights_sitenote_note":"","_monsterinsights_sitenote_category":0,"footnotes":""},"categories":[2,3],"tags":[806,4611,6809,336,897,655,1226],"class_list":["post-41828","post","type-post","status-publish","format-standard","has-post-thumbnail","hentry","category-featured","category-societe","tag-bacongo","tag-cohesion-nationale","tag-fin-dannee-2025","tag-kandia-camara","tag-mambe","tag-paix","tag-unite"],"_links":{"self":[{"href":"https:\/\/www.lintelligentdabidjan.info\/news\/wp-json\/wp\/v2\/posts\/41828","targetHints":{"allow":["GET"]}}],"collection":[{"href":"https:\/\/www.lintelligentdabidjan.info\/news\/wp-json\/wp\/v2\/posts"}],"about":[{"href":"https:\/\/www.lintelligentdabidjan.info\/news\/wp-json\/wp\/v2\/types\/post"}],"author":[{"embeddable":true,"href":"https:\/\/www.lintelligentdabidjan.info\/news\/wp-json\/wp\/v2\/users\/4"}],"replies":[{"embeddable":true,"href":"https:\/\/www.lintelligentdabidjan.info\/news\/wp-json\/wp\/v2\/comments?post=41828"}],"version-history":[{"count":1,"href":"https:\/\/www.lintelligentdabidjan.info\/news\/wp-json\/wp\/v2\/posts\/41828\/revisions"}],"predecessor-version":[{"id":41830,"href":"https:\/\/www.lintelligentdabidjan.info\/news\/wp-json\/wp\/v2\/posts\/41828\/revisions\/41830"}],"wp:featuredmedia":[{"embeddable":true,"href":"https:\/\/www.lintelligentdabidjan.info\/news\/wp-json\/wp\/v2\/media\/41829"}],"wp:attachment":[{"href":"https:\/\/www.lintelligentdabidjan.info\/news\/wp-json\/wp\/v2\/media?parent=41828"}],"wp:term":[{"taxonomy":"category","embeddable":true,"href":"https:\/\/www.lintelligentdabidjan.info\/news\/wp-json\/wp\/v2\/categories?post=41828"},{"taxonomy":"post_tag","embeddable":true,"href":"https:\/\/www.lintelligentdabidjan.info\/news\/wp-json\/wp\/v2\/tags?post=41828"}],"curies":[{"name":"wp","href":"https:\/\/api.w.org\/{rel}","templated":true}]}}