{"id":41842,"date":"2026-01-02T16:46:11","date_gmt":"2026-01-02T15:46:11","guid":{"rendered":"https:\/\/www.lintelligentdabidjan.info\/news\/?p=41842"},"modified":"2026-01-02T16:46:28","modified_gmt":"2026-01-02T15:46:28","slug":"can-2025-les-elephants-reprennent-le-travail-pour-defier-les-etalons","status":"publish","type":"post","link":"https:\/\/www.lintelligentdabidjan.info\/news\/can-2025-les-elephants-reprennent-le-travail-pour-defier-les-etalons\/","title":{"rendered":"CAN 2025:  Les \u00c9l\u00e9phants reprennent le travail pour d\u00e9fier les \u00c9talons"},"content":{"rendered":"<p><strong>Apr\u00e8s une journ\u00e9e de repos accord\u00e9e le jeudi 1er janvier 2026, les \u00c9l\u00e9phants de C\u00f4te d\u2019Ivoire ont repris le chemin de l\u2019entra\u00eenement le vendredi 2 janvier 2026 \u00e0 Marrakech. Une reprise studieuse \u00e0 Marrakech, avec en ligne de mire la confrontation face au Burkina Faso, pr\u00e9vue le mardi 6 janvier 2026 au Grand Stade de Marrakech comptant pour les huiti\u00e8mes de finale de la CAN 2025.<\/strong><\/p>\n<p>Pour le s\u00e9lectionneur Emerse Fa\u00e9, cette courte parenth\u00e8se \u00e9tait indispensable afin de permettre aux joueurs de r\u00e9cup\u00e9rer, tant sur le plan physique que mental.<br \/>\n\u00ab Nous avions besoin de bien nous reposer et de profiter de nos familles. \u00c0 partir de vendredi, nous remettons le bleu de travail \u00bb, a expliqu\u00e9 le technicien ivoirien.<\/p>\n<p>Le staff technique a mis en place une pr\u00e9paration en deux phases. La premi\u00e8re, entam\u00e9e d\u00e8s la reprise, est ax\u00e9e sur la r\u00e9cup\u00e9ration et la gestion des charges de travail, afin de r\u00e9\u00e9quilibrer les efforts entre les joueurs les plus sollicit\u00e9s durant la phase de groupes et ceux ayant moins jou\u00e9. \u00ab Il s\u2019agit de r\u00e9\u00e9quilibrer les forces et les \u00e9nergies \u00bb, pr\u00e9cise Emerse Fa\u00e9, soucieux de disposer d\u2019un groupe homog\u00e8ne et frais pour la suite de la comp\u00e9tition.<\/p>\n<p>La seconde phase d\u00e9butera d\u00e8s le samedi, avec une pr\u00e9paration tactique sp\u00e9cifique en vue du choc face aux \u00c9talons.<br \/>\n\u00ab \u00c0 partir de samedi, nous entrerons pleinement dans la pr\u00e9paration du match de mardi, pour identifier comment faire mal \u00e0 cette \u00e9quipe du Burkina Faso et d\u00e9crocher la qualification pour les quarts de finale \u00bb, a ajout\u00e9 le s\u00e9lectionneur.<\/p>\n<p>Pour Franck Kessi\u00e9, il faut s\u2019attendre \u00e0 une confrontation intense. \u00ab Le Burkina Faso, c\u2019est un pays voisin, \u00e7a ne va pas \u00eatre facile. Ils ont de tr\u00e8s bons joueurs, qui \u00e9voluent dans de tr\u00e8s bons clubs \u00bb, a-t-il confi\u00e9 en zone mixte.<\/p>\n<p>Conscient de la rivalit\u00e9 et du niveau de l\u2019adversaire, Franck Kessi\u00e9 insiste sur l\u2019enjeu collectif : \u00ab On se conna\u00eet d\u00e9j\u00e0, ils nous connaissent aussi. Ce sera une belle affiche pour nous et pour le football africain. \u00bb<\/p>\n<p>\u00c0 quelques jours de ce duel , les \u00c9l\u00e9phants savent qu\u2019ils devront afficher rigueur, solidarit\u00e9 et efficacit\u00e9 pour poursuivre leur aventure continentale.<\/p>\n<p><strong>Ange Kouadio, \u00e0 Marrakech<\/strong><\/p>\n<p>&nbsp;<\/p>\n","protected":false},"excerpt":{"rendered":"<p>Apr\u00e8s une journ\u00e9e de repos accord\u00e9e le jeudi 1er janvier 2026, les \u00c9l\u00e9phants de C\u00f4te d\u2019Ivoire ont repris le chemin de l\u2019entra\u00eenement le vendredi 2 janvier 2026 \u00e0 Marrakech. Une reprise studieuse \u00e0 Marrakech, avec en ligne de mire la confrontation face au Burkina Faso, pr\u00e9vue le mardi 6 janvier 2026 au Grand Stade de [&hellip;]<\/p>\n","protected":false},"author":4,"featured_media":41843,"comment_status":"closed","ping_status":"closed","sticky":false,"template":"","format":"standard","meta":{"_monsterinsights_skip_tracking":false,"_monsterinsights_sitenote_active":false,"_monsterinsights_sitenote_note":"","_monsterinsights_sitenote_category":0,"footnotes":""},"categories":[2,23],"tags":[6557,5881,6815],"class_list":["post-41842","post","type-post","status-publish","format-standard","has-post-thumbnail","hentry","category-featured","category-sport","tag-can-2025","tag-les-elephants","tag-les-etalons"],"_links":{"self":[{"href":"https:\/\/www.lintelligentdabidjan.info\/news\/wp-json\/wp\/v2\/posts\/41842","targetHints":{"allow":["GET"]}}],"collection":[{"href":"https:\/\/www.lintelligentdabidjan.info\/news\/wp-json\/wp\/v2\/posts"}],"about":[{"href":"https:\/\/www.lintelligentdabidjan.info\/news\/wp-json\/wp\/v2\/types\/post"}],"author":[{"embeddable":true,"href":"https:\/\/www.lintelligentdabidjan.info\/news\/wp-json\/wp\/v2\/users\/4"}],"replies":[{"embeddable":true,"href":"https:\/\/www.lintelligentdabidjan.info\/news\/wp-json\/wp\/v2\/comments?post=41842"}],"version-history":[{"count":1,"href":"https:\/\/www.lintelligentdabidjan.info\/news\/wp-json\/wp\/v2\/posts\/41842\/revisions"}],"predecessor-version":[{"id":41844,"href":"https:\/\/www.lintelligentdabidjan.info\/news\/wp-json\/wp\/v2\/posts\/41842\/revisions\/41844"}],"wp:featuredmedia":[{"embeddable":true,"href":"https:\/\/www.lintelligentdabidjan.info\/news\/wp-json\/wp\/v2\/media\/41843"}],"wp:attachment":[{"href":"https:\/\/www.lintelligentdabidjan.info\/news\/wp-json\/wp\/v2\/media?parent=41842"}],"wp:term":[{"taxonomy":"category","embeddable":true,"href":"https:\/\/www.lintelligentdabidjan.info\/news\/wp-json\/wp\/v2\/categories?post=41842"},{"taxonomy":"post_tag","embeddable":true,"href":"https:\/\/www.lintelligentdabidjan.info\/news\/wp-json\/wp\/v2\/tags?post=41842"}],"curies":[{"name":"wp","href":"https:\/\/api.w.org\/{rel}","templated":true}]}}