{"id":41845,"date":"2026-01-02T19:38:04","date_gmt":"2026-01-02T18:38:04","guid":{"rendered":"https:\/\/www.lintelligentdabidjan.info\/news\/?p=41845"},"modified":"2026-01-02T19:55:43","modified_gmt":"2026-01-02T18:55:43","slug":"menace-terroriste-laes-met-elle-en-cause-la-cote-divoire-a-contre-sens","status":"publish","type":"post","link":"https:\/\/www.lintelligentdabidjan.info\/news\/menace-terroriste-laes-met-elle-en-cause-la-cote-divoire-a-contre-sens\/","title":{"rendered":"Menace terroriste : l\u2019AES met-elle en cause la C\u00f4te d\u2019Ivoire \u00e0 contre-sens ?"},"content":{"rendered":"<p data-start=\"445\" data-end=\"797\"><strong>Tandis que l\u2019Alliance des \u00c9tats du Sahel (AES) multiplie les accusations contre la C\u00f4te d\u2019Ivoire, les faits s\u00e9curitaires observ\u00e9s sur le terrain indiquent une dynamique inverse. Les incursions arm\u00e9es semblent provenir des zones sah\u00e9liennes vers les pays c\u00f4tiers, soulevant des interrogations sur l\u2019usage politique du discours s\u00e9curitaire.<\/strong><\/p>\n<h3 data-start=\"799\" data-end=\"854\"><strong data-start=\"803\" data-end=\"854\">Une menace venue du Sahel, pas des pays c\u00f4tiers<\/strong><\/h3>\n<p data-start=\"856\" data-end=\"1294\">Les d\u00e9clarations alarmistes de certains responsables de l\u2019AES contrastent avec une r\u00e9alit\u00e9 factuelle largement document\u00e9e : les groupes arm\u00e9s actifs dans la sous-r\u00e9gion op\u00e8rent essentiellement depuis les zones sah\u00e9liennes instables vers les pays c\u00f4tiers. La C\u00f4te d\u2019Ivoire n\u2019appara\u00eet pas comme un point de d\u00e9part des attaques, mais plut\u00f4t comme un territoire expos\u00e9 aux retomb\u00e9es de l\u2019ins\u00e9curit\u00e9 venue du Mali, du Burkina Faso et du Niger.<\/p>\n<p data-start=\"1296\" data-end=\"1529\">Les incidents s\u00e9curitaires recens\u00e9s aux fronti\u00e8res nord ivoiriennes confirment cette tendance. Ils s\u2019inscrivent dans une logique d\u2019extension g\u00e9ographique des groupes djihadistes, cherchant \u00e0 gagner du terrain vers le golfe de Guin\u00e9e.<\/p>\n<h3 data-start=\"1531\" data-end=\"1581\"><strong data-start=\"1535\" data-end=\"1581\">Un incident r\u00e9v\u00e9lateur \u00e0 la fronti\u00e8re nord<\/strong><\/h3>\n<p data-start=\"1583\" data-end=\"1941\">Dans la nuit du 28 au 29 d\u00e9cembre 2025, un groupe arm\u00e9 a \u00e9t\u00e9 d\u00e9tect\u00e9 sur le sol ivoirien alors qu\u2019il se dirigeait vers la localit\u00e9 de Bav\u00e9, \u00e0 proximit\u00e9 imm\u00e9diate du Burkina Faso. Repouss\u00e9s par les forces de s\u00e9curit\u00e9, les individus ont rebrouss\u00e9 chemin en direction du territoire burkinab\u00e8, laissant derri\u00e8re eux des motos et des armes de type fusil d\u2019assaut.<\/p>\n<p data-start=\"1943\" data-end=\"2136\">Cet \u00e9pisode illustre une trajectoire claire : il s\u2019agit d\u2019incursions venues du Sahel vers la C\u00f4te d\u2019Ivoire, et non d\u2019op\u00e9rations organis\u00e9es depuis les pays c\u00f4tiers \u00e0 destination de l\u2019espace AES.<\/p>\n<h3 data-start=\"2138\" data-end=\"2184\"><strong data-start=\"2142\" data-end=\"2184\">Des accusations sans preuves publiques<\/strong><\/h3>\n<p data-start=\"2186\" data-end=\"2492\">Malgr\u00e9 ces \u00e9l\u00e9ments, certains responsables militaires sah\u00e9liens continuent d\u2019affirmer que des centres de commandement terroristes seraient install\u00e9s en C\u00f4te d\u2019Ivoire. Des accusations relay\u00e9es \u00e0 plusieurs reprises, notamment sur les r\u00e9seaux sociaux, sans qu\u2019aucune preuve v\u00e9rifiable ne soit rendue publique.<\/p>\n<p data-start=\"2494\" data-end=\"2717\">Dans le m\u00eame temps, des r\u00e9cits de complots et de tentatives de d\u00e9stabilisation imput\u00e9es \u00e0 la C\u00f4te d\u2019Ivoire ou au B\u00e9nin circulent dans l\u2019espace num\u00e9rique, alimentant une perception de menace externe peu \u00e9tay\u00e9e par les faits.<\/p>\n<p data-start=\"2719\" data-end=\"2967\">Les autorit\u00e9s ivoiriennes ont pour leur part rejet\u00e9 cat\u00e9goriquement toute implication dans des r\u00e9seaux terroristes, mettant en avant leur coop\u00e9ration s\u00e9curitaire r\u00e9gionale ainsi que l\u2019accueil de nombreux r\u00e9fugi\u00e9s fuyant les violences dans le Sahel.<\/p>\n<h3 data-start=\"2969\" data-end=\"3017\"><strong data-start=\"2973\" data-end=\"3017\">Un contexte politique sous haute tension<\/strong><\/h3>\n<p data-start=\"3019\" data-end=\"3357\">Cette mont\u00e9e en accusation intervient dans un environnement politique sensible. L\u2019AES regroupe des \u00c9tats dirig\u00e9s par des r\u00e9gimes militaires issus de coups d\u2019\u00c9tat successifs, ayant rompu avec la CEDEAO et ses cadres institutionnels. Dans ce contexte, le discours s\u00e9curitaire appara\u00eet aussi comme un outil de l\u00e9gitimation politique interne.<\/p>\n<p data-start=\"3359\" data-end=\"3692\">La concomitance entre ces accusations et les \u00e9ch\u00e9ances \u00e9lectorales en C\u00f4te d\u2019Ivoire renforce les soup\u00e7ons d\u2019une instrumentalisation du th\u00e8me de l\u2019ing\u00e9rence \u00e9trang\u00e8re. L\u2019espace politique r\u00e9gional devient alors un terrain propice aux r\u00e9cits de d\u00e9stabilisation visant \u00e0 fragiliser la cr\u00e9dibilit\u00e9 des acteurs politiques des pays voisins.<\/p>\n<h3 data-start=\"3694\" data-end=\"3746\"><strong data-start=\"3698\" data-end=\"3746\">S\u00e9curit\u00e9 r\u00e9gionale ou strat\u00e9gie de pouvoir ?<\/strong><\/h3>\n<p data-start=\"3748\" data-end=\"3981\">D\u00e8s lors, une interrogation demeure : la mise en cause r\u00e9p\u00e9t\u00e9e de la C\u00f4te d\u2019Ivoire r\u00e9pond-elle \u00e0 une r\u00e9elle strat\u00e9gie de lutte contre le terrorisme, ou sert-elle \u00e0 masquer les difficult\u00e9s s\u00e9curitaires persistantes dans l\u2019espace AES ?<\/p>\n<p data-start=\"3983\" data-end=\"4221\">\u00c0 force de d\u00e9signer une menace ext\u00e9rieure, le risque est de substituer \u00e0 une coop\u00e9ration r\u00e9gionale indispensable un climat de suspicion, o\u00f9 la peur devient un levier de consolidation du pouvoir plut\u00f4t qu\u2019un outil de stabilisation durable.<\/p>\n","protected":false},"excerpt":{"rendered":"<p>Tandis que l\u2019Alliance des \u00c9tats du Sahel (AES) multiplie les accusations contre la C\u00f4te d\u2019Ivoire, les faits s\u00e9curitaires observ\u00e9s sur le terrain indiquent une dynamique inverse. Les incursions arm\u00e9es semblent provenir des zones sah\u00e9liennes vers les pays c\u00f4tiers, soulevant des interrogations sur l\u2019usage politique du discours s\u00e9curitaire. Une menace venue du Sahel, pas des pays [&hellip;]<\/p>\n","protected":false},"author":4,"featured_media":41846,"comment_status":"closed","ping_status":"closed","sticky":false,"template":"","format":"standard","meta":{"_monsterinsights_skip_tracking":false,"_monsterinsights_sitenote_active":false,"_monsterinsights_sitenote_note":"","_monsterinsights_sitenote_category":0,"footnotes":""},"categories":[2,17],"tags":[3132,77,6816,3994],"class_list":["post-41845","post","type-post","status-publish","format-standard","has-post-thumbnail","hentry","category-featured","category-politique","tag-aes","tag-cote-divoire","tag-la-menace","tag-manipule"],"_links":{"self":[{"href":"https:\/\/www.lintelligentdabidjan.info\/news\/wp-json\/wp\/v2\/posts\/41845","targetHints":{"allow":["GET"]}}],"collection":[{"href":"https:\/\/www.lintelligentdabidjan.info\/news\/wp-json\/wp\/v2\/posts"}],"about":[{"href":"https:\/\/www.lintelligentdabidjan.info\/news\/wp-json\/wp\/v2\/types\/post"}],"author":[{"embeddable":true,"href":"https:\/\/www.lintelligentdabidjan.info\/news\/wp-json\/wp\/v2\/users\/4"}],"replies":[{"embeddable":true,"href":"https:\/\/www.lintelligentdabidjan.info\/news\/wp-json\/wp\/v2\/comments?post=41845"}],"version-history":[{"count":4,"href":"https:\/\/www.lintelligentdabidjan.info\/news\/wp-json\/wp\/v2\/posts\/41845\/revisions"}],"predecessor-version":[{"id":41850,"href":"https:\/\/www.lintelligentdabidjan.info\/news\/wp-json\/wp\/v2\/posts\/41845\/revisions\/41850"}],"wp:featuredmedia":[{"embeddable":true,"href":"https:\/\/www.lintelligentdabidjan.info\/news\/wp-json\/wp\/v2\/media\/41846"}],"wp:attachment":[{"href":"https:\/\/www.lintelligentdabidjan.info\/news\/wp-json\/wp\/v2\/media?parent=41845"}],"wp:term":[{"taxonomy":"category","embeddable":true,"href":"https:\/\/www.lintelligentdabidjan.info\/news\/wp-json\/wp\/v2\/categories?post=41845"},{"taxonomy":"post_tag","embeddable":true,"href":"https:\/\/www.lintelligentdabidjan.info\/news\/wp-json\/wp\/v2\/tags?post=41845"}],"curies":[{"name":"wp","href":"https:\/\/api.w.org\/{rel}","templated":true}]}}