{"id":41851,"date":"2026-01-03T09:21:31","date_gmt":"2026-01-03T08:21:31","guid":{"rendered":"https:\/\/www.lintelligentdabidjan.info\/news\/?p=41851"},"modified":"2026-01-03T09:21:31","modified_gmt":"2026-01-03T08:21:31","slug":"can-2025-adje-silas-livre-un-message-aux-elephants-avant-le-choc-face-au-burkina-faso","status":"publish","type":"post","link":"https:\/\/www.lintelligentdabidjan.info\/news\/can-2025-adje-silas-livre-un-message-aux-elephants-avant-le-choc-face-au-burkina-faso\/","title":{"rendered":"CAN 2025:  Adj\u00e9 Silas livre un message aux \u00c9l\u00e9phants avant le choc face au Burkina Faso"},"content":{"rendered":"<p><strong>\u00c0 l\u2019approche du huiti\u00e8me de finale de la Coupe d\u2019Afrique des Nations (CAN) 2025 face au Burkina Faso, le ministre d\u00e9l\u00e9gu\u00e9 en charge des Sports et du Cadre de vie, Adj\u00e9 Silas Metch, a effectu\u00e9 une visite de soutien \u00e0 la s\u00e9lection ivoirienne, le vendredi 2 janvier 2026, \u00e0 son quartier g\u00e9n\u00e9ral situ\u00e9 au Park Hyatt de Marrakech.<\/strong><\/p>\n<p>Cette d\u00e9marche visait \u00e0 transmettre aux joueurs et au staff technique le message d\u2019encouragement, de confiance et de soutien total du Pr\u00e9sident de la R\u00e9publique, ainsi que celui de l\u2019ensemble du Gouvernement ivoirien.<\/p>\n<p>Championne d\u2019Afrique en titre, la C\u00f4te d\u2019Ivoire aborde la phase \u00e0 \u00e9limination directe avec la ferme ambition de conserver sa couronne continentale. Le ministre d\u00e9l\u00e9gu\u00e9 a salu\u00e9 l\u2019engagement et la d\u00e9termination des \u00c9l\u00e9phants. Il a exhort\u00e9 les champions en titre \u00e0 faire preuve de rigueur, de solidarit\u00e9 et de combativit\u00e9 .<\/p>\n<p>\u00c0 son arriv\u00e9e, Adj\u00e9 Silas Metch a \u00e9t\u00e9 accueilli par le pr\u00e9sident de la F\u00e9d\u00e9ration Ivoirienne de Football (FIF), Yacine Idriss Diallo, en pr\u00e9sence des vice-pr\u00e9sidents Malick Toh\u00e9 et du colonel Kon\u00e9 Mamadou.<\/p>\n<p>Cette visite de mobilisation intervient \u00e0 quelques jours du derby sous-r\u00e9gional face aux \u00c9talons du Burkina Faso, pr\u00e9vu le mardi 6 janvier 2026 \u00e0 19h00 GMT, au Grand Stade de Marrakech.<\/p>\n<p><strong>Ange Kouadio, avec Sercom Minist\u00e8re<\/strong><\/p>\n<p>&nbsp;<\/p>\n","protected":false},"excerpt":{"rendered":"<p>\u00c0 l\u2019approche du huiti\u00e8me de finale de la Coupe d\u2019Afrique des Nations (CAN) 2025 face au Burkina Faso, le ministre d\u00e9l\u00e9gu\u00e9 en charge des Sports et du Cadre de vie, Adj\u00e9 Silas Metch, a effectu\u00e9 une visite de soutien \u00e0 la s\u00e9lection ivoirienne, le vendredi 2 janvier 2026, \u00e0 son quartier g\u00e9n\u00e9ral situ\u00e9 au Park [&hellip;]<\/p>\n","protected":false},"author":4,"featured_media":41852,"comment_status":"closed","ping_status":"closed","sticky":false,"template":"","format":"standard","meta":{"_monsterinsights_skip_tracking":false,"_monsterinsights_sitenote_active":false,"_monsterinsights_sitenote_note":"","_monsterinsights_sitenote_category":0,"footnotes":""},"categories":[2,23],"tags":[6817,82,6557,136,3353],"class_list":["post-41851","post","type-post","status-publish","format-standard","has-post-thumbnail","hentry","category-featured","category-sport","tag-adje-silas","tag-burkina-faso","tag-can-2025","tag-elephants","tag-message"],"_links":{"self":[{"href":"https:\/\/www.lintelligentdabidjan.info\/news\/wp-json\/wp\/v2\/posts\/41851","targetHints":{"allow":["GET"]}}],"collection":[{"href":"https:\/\/www.lintelligentdabidjan.info\/news\/wp-json\/wp\/v2\/posts"}],"about":[{"href":"https:\/\/www.lintelligentdabidjan.info\/news\/wp-json\/wp\/v2\/types\/post"}],"author":[{"embeddable":true,"href":"https:\/\/www.lintelligentdabidjan.info\/news\/wp-json\/wp\/v2\/users\/4"}],"replies":[{"embeddable":true,"href":"https:\/\/www.lintelligentdabidjan.info\/news\/wp-json\/wp\/v2\/comments?post=41851"}],"version-history":[{"count":1,"href":"https:\/\/www.lintelligentdabidjan.info\/news\/wp-json\/wp\/v2\/posts\/41851\/revisions"}],"predecessor-version":[{"id":41853,"href":"https:\/\/www.lintelligentdabidjan.info\/news\/wp-json\/wp\/v2\/posts\/41851\/revisions\/41853"}],"wp:featuredmedia":[{"embeddable":true,"href":"https:\/\/www.lintelligentdabidjan.info\/news\/wp-json\/wp\/v2\/media\/41852"}],"wp:attachment":[{"href":"https:\/\/www.lintelligentdabidjan.info\/news\/wp-json\/wp\/v2\/media?parent=41851"}],"wp:term":[{"taxonomy":"category","embeddable":true,"href":"https:\/\/www.lintelligentdabidjan.info\/news\/wp-json\/wp\/v2\/categories?post=41851"},{"taxonomy":"post_tag","embeddable":true,"href":"https:\/\/www.lintelligentdabidjan.info\/news\/wp-json\/wp\/v2\/tags?post=41851"}],"curies":[{"name":"wp","href":"https:\/\/api.w.org\/{rel}","templated":true}]}}