{"id":41872,"date":"2026-01-05T21:44:53","date_gmt":"2026-01-05T20:44:53","guid":{"rendered":"https:\/\/www.lintelligentdabidjan.info\/news\/?p=41872"},"modified":"2026-01-05T21:45:09","modified_gmt":"2026-01-05T20:45:09","slug":"can-2025-emerse-fae-selectionneur-des-elephants-previent-etre-favori-ne-veut-absolument-rien-dire","status":"publish","type":"post","link":"https:\/\/www.lintelligentdabidjan.info\/news\/can-2025-emerse-fae-selectionneur-des-elephants-previent-etre-favori-ne-veut-absolument-rien-dire\/","title":{"rendered":"CAN 2025 \u2013 Emerse Fa\u00e9 ( S\u00e9lectionneur des \u00c9l\u00e9phants ) pr\u00e9vient :  \u00ab \u00catre favori ne veut absolument rien dire \u00bb"},"content":{"rendered":"<p><strong>\u00c0 la veille du huiti\u00e8me de finale de la Coupe d\u2019Afrique des Nations (CAN) 2025 entre la C\u00f4te d\u2019Ivoire et le Burkina Faso, pr\u00e9vu le mardi 6 janvier 2026 au Grand Stade de Marrakech, le s\u00e9lectionneur national des \u00c9l\u00e9phants, Emerse Fa\u00e9, s\u2019est exprim\u00e9 face \u00e0 la presse le lundi 5 janvier 2026, dans l\u2019enceinte m\u00eame du stade.<\/strong><\/p>\n<p>Interrog\u00e9 sur la capacit\u00e9 du Burkina Faso \u00e0 \u00e9liminer la C\u00f4te d\u2019Ivoire, Emerse Fa\u00e9 n\u2019a laiss\u00e9 place \u00e0 aucune ambigu\u00eft\u00e9 \u00ab Est-ce que le Burkina peut nous \u00e9liminer ? Vous \u00eates persuad\u00e9 que le Burkina peut le faire. Moi aussi \u00bb, a-t-il d\u00e9clar\u00e9 sans d\u00e9tour, soulignant la qualit\u00e9 et la solidit\u00e9 de l\u2019adversaire.<\/p>\n<p>Pour le s\u00e9lectionneur ivoirien, le statut de favori ne constitue en aucun cas une garantie.<br \/>\n\u00ab \u00catre favori ne veut absolument rien dire. Le Burkina Faso est une bonne \u00e9quipe. Elle n\u2019est pas arriv\u00e9e l\u00e0 par hasard \u00bb, a-t-il insist\u00e9.<\/p>\n<p>Conscient des exigences de cette phase \u00e0 \u00e9limination directe, Emerse Fa\u00e9 a rappel\u00e9 les dangers que repr\u00e9sente la s\u00e9lection burkinab\u00e8 sur un match couperet.<\/p>\n<p>\u00ab Cette \u00e9quipe va nous poser des probl\u00e8mes. Sur ce match, le Burkina Faso peut nous \u00e9liminer. Ce n\u2019est pas parce que vous \u00eates favori que vous avez une immunit\u00e9 ou que vous \u00eates oblig\u00e9 de vous qualifier \u00bb, a-t-il pr\u00e9venu, appelant \u00e0 un respect total de l\u2019adversaire.<br \/>\n\u00ab Il faut prendre l\u2019adversaire au s\u00e9rieux, parce qu\u2019il est capable de nous sortir avec la qualit\u00e9 des joueurs qu\u2019il a en son sein. Nous sommes sur nos gardes. \u00bb<\/p>\n<p>Le technicien ivoirien a \u00e9galement insist\u00e9 sur le niveau de performance attendu de ses joueurs.<br \/>\n\u00ab Nous savons que rien ne sera facile. Nous savons que si nous ne sommes pas \u00e0 100 %, nous n\u2019aurons aucune chance d\u2019\u00e9liminer le Burkina Faso \u00bb, a-t-il martel\u00e9.<\/p>\n<p>Sur les plans tactique et mental, Emerse Fa\u00e9 a appel\u00e9 son groupe \u00e0 s\u2019appuyer sur les ingr\u00e9dients observ\u00e9s lors du match face au Cameroun.<br \/>\n\u00ab Il faudra les m\u00eames ingr\u00e9dients que nous avons mis contre le Cameroun. C\u2019est une \u00e9quipe athl\u00e9tique, efficace dans les transitions, avec un trio offensif de bonne qualit\u00e9. Il faudra \u00eatre concentr\u00e9 et \u00eatre \u00e0 cent pour cent pour gagner ce derby \u00bb, a-t-il expliqu\u00e9.<\/p>\n<p>Enfin, le s\u00e9lectionneur des \u00c9l\u00e9phants a rappel\u00e9 la nature particuli\u00e8re de cette confrontation.<br \/>\n\u00ab C\u2019est un derby. Il faut y mettre tous les ingr\u00e9dients. L\u2019aspect tactique est aussi important que l\u2019aspect physique et technique \u00bb, a-t-il conclu, conscient que le moindre rel\u00e2chement pourrait \u00eatre fatal.<\/p>\n<p><strong>Ange Kouadio, \u00e0 Marrakech<\/strong><\/p>\n<p>&nbsp;<\/p>\n","protected":false},"excerpt":{"rendered":"<p>\u00c0 la veille du huiti\u00e8me de finale de la Coupe d\u2019Afrique des Nations (CAN) 2025 entre la C\u00f4te d\u2019Ivoire et le Burkina Faso, pr\u00e9vu le mardi 6 janvier 2026 au Grand Stade de Marrakech, le s\u00e9lectionneur national des \u00c9l\u00e9phants, Emerse Fa\u00e9, s\u2019est exprim\u00e9 face \u00e0 la presse le lundi 5 janvier 2026, dans l\u2019enceinte m\u00eame [&hellip;]<\/p>\n","protected":false},"author":4,"featured_media":41873,"comment_status":"closed","ping_status":"closed","sticky":false,"template":"","format":"standard","meta":{"_monsterinsights_skip_tracking":false,"_monsterinsights_sitenote_active":false,"_monsterinsights_sitenote_note":"","_monsterinsights_sitenote_category":0,"footnotes":""},"categories":[2,23],"tags":[6772,6557,6088],"class_list":["post-41872","post","type-post","status-publish","format-standard","has-post-thumbnail","hentry","category-featured","category-sport","tag-emerse-fae","tag-can-2025","tag-selectionneur-des-elephants"],"_links":{"self":[{"href":"https:\/\/www.lintelligentdabidjan.info\/news\/wp-json\/wp\/v2\/posts\/41872","targetHints":{"allow":["GET"]}}],"collection":[{"href":"https:\/\/www.lintelligentdabidjan.info\/news\/wp-json\/wp\/v2\/posts"}],"about":[{"href":"https:\/\/www.lintelligentdabidjan.info\/news\/wp-json\/wp\/v2\/types\/post"}],"author":[{"embeddable":true,"href":"https:\/\/www.lintelligentdabidjan.info\/news\/wp-json\/wp\/v2\/users\/4"}],"replies":[{"embeddable":true,"href":"https:\/\/www.lintelligentdabidjan.info\/news\/wp-json\/wp\/v2\/comments?post=41872"}],"version-history":[{"count":1,"href":"https:\/\/www.lintelligentdabidjan.info\/news\/wp-json\/wp\/v2\/posts\/41872\/revisions"}],"predecessor-version":[{"id":41874,"href":"https:\/\/www.lintelligentdabidjan.info\/news\/wp-json\/wp\/v2\/posts\/41872\/revisions\/41874"}],"wp:featuredmedia":[{"embeddable":true,"href":"https:\/\/www.lintelligentdabidjan.info\/news\/wp-json\/wp\/v2\/media\/41873"}],"wp:attachment":[{"href":"https:\/\/www.lintelligentdabidjan.info\/news\/wp-json\/wp\/v2\/media?parent=41872"}],"wp:term":[{"taxonomy":"category","embeddable":true,"href":"https:\/\/www.lintelligentdabidjan.info\/news\/wp-json\/wp\/v2\/categories?post=41872"},{"taxonomy":"post_tag","embeddable":true,"href":"https:\/\/www.lintelligentdabidjan.info\/news\/wp-json\/wp\/v2\/tags?post=41872"}],"curies":[{"name":"wp","href":"https:\/\/api.w.org\/{rel}","templated":true}]}}