{"id":41875,"date":"2026-01-05T21:48:36","date_gmt":"2026-01-05T20:48:36","guid":{"rendered":"https:\/\/www.lintelligentdabidjan.info\/news\/?p=41875"},"modified":"2026-01-05T21:51:47","modified_gmt":"2026-01-05T20:51:47","slug":"can-2025-brama-traore-affiche-ses-ambitions-face-a-la-cote-divoire-pour-etre-champion-il-faut-battre-un-champion","status":"publish","type":"post","link":"https:\/\/www.lintelligentdabidjan.info\/news\/can-2025-brama-traore-affiche-ses-ambitions-face-a-la-cote-divoire-pour-etre-champion-il-faut-battre-un-champion\/","title":{"rendered":"CAN 2025 : Brama Traor\u00e9 affiche ses ambitions face \u00e0 la C\u00f4te d\u2019Ivoire:  \u00ab\u202fPour \u00eatre champion, il faut battre un champion\u202f\u00bb"},"content":{"rendered":"<p><strong>Le lundi 5 janvier 2026, au Grand Stade de Marrakech, le s\u00e9lectionneur national du Burkina Faso, Brama Traor\u00e9, a affich\u00e9 sa ferme volont\u00e9 de disputer la finale de la 35e \u00e9dition de la Coupe d\u2019Afrique des Nations. Selon lui, si l\u2019atteinte de cet objectif ultime passe par une confrontation avec le champion en titre, les \u00c9talons du Burkina Faso feront le n\u00e9cessaire pour mettre un terme au parcours des hommes de Fa\u00e9 Emerse.<\/strong><\/p>\n<p>Pour Brama Traor\u00e9, l\u2019objectif est assum\u00e9 depuis le d\u00e9but du tournoi.<br \/>\n\u00ab\u202fNous sommes venus pour arriver en finale, la disputer et la remporter. Si cela doit passer par le champion en titre, alors nous devons \u00eatre pr\u00eats \u00e0 le faire\u202f\u00bb, a-t-il d\u00e9clar\u00e9 avec d\u00e9termination. Conscient du d\u00e9fi qui attend son \u00e9quipe, le s\u00e9lectionneur des \u00c9talons n\u2019a pas manqu\u00e9 de souligner les qualit\u00e9s de l\u2019adversaire ivoirien. \u00ab\u202fNous savons que nous allons jouer contre une \u00e9quipe tr\u00e8s technique, avec des individualit\u00e9s marquantes. Il faut \u00eatre pr\u00eats \u00e0 tous les niveaux pour aborder ce match\u202f\u00bb, a-t-il expliqu\u00e9, insistant sur la n\u00e9cessit\u00e9 d\u2019un engagement total, aussi bien sur le plan tactique que mental.<\/p>\n<p>Sans d\u00e9tour, Brama Traor\u00e9 a r\u00e9sum\u00e9 l\u2019\u00e9tat d\u2019esprit de son groupe dans une formule forte :<br \/>\n\u00ab\u202fPour \u00eatre champion, il faut battre un champion. Et nous sommes pr\u00e9par\u00e9s pour ce match.\u202f\u00bb Sans entrer dans les d\u00e9tails strat\u00e9giques, le technicien burkinab\u00e8 a assur\u00e9 que la pr\u00e9paration s\u2019est d\u00e9roul\u00e9e avec s\u00e9rieux. \u00ab\u202fNous avons nos plans, que nous ne pouvons pas d\u00e9voiler ici. Mais au niveau des joueurs, nous estimons que nous avons l\u2019effectif n\u00e9cessaire pour aborder ce match\u202f\u00bb, a-t-il pr\u00e9cis\u00e9. Au-del\u00e0 de l\u2019enjeu sportif, Brama Traor\u00e9 a tenu \u00e0 rappeler la dimension fraternelle de cette confrontation sous-r\u00e9gionale. \u00ab\u202fNous savons que les Ivoiriens se sont \u00e9galement bien pr\u00e9par\u00e9s. Il y aura de l\u2019\u00e9tincelle dans l\u2019air, mais cela restera dans le cadre du football, avec du fair-play et du respect mutuel\u202f\u00bb, a-t-il assur\u00e9, annon\u00e7ant un match \u00ab\u202fvivant\u202f\u00bb entre deux peuples qui se connaissent bien. Le s\u00e9lectionneur des \u00c9talons a conclu en affichant clairement son esprit de comp\u00e9tition : \u00ab\u202fNous souhaitons que les \u00c9l\u00e9phants nous passent le t\u00e9moin. Je me battrai pour vous battre.\u202f\u00bb<\/p>\n<p>Pour rappel, la C\u00f4te d\u2019Ivoire et le Burkina Faso s\u2019affrontent le mardi 6 janvier 2026 au Grand Stade de Marrakech, en huiti\u00e8mes de finale de la CAN 2025.<\/p>\n<p><strong>Ange Kouadio, \u00e0 Marrakech<\/strong><\/p>\n<p>&nbsp;<\/p>\n","protected":false},"excerpt":{"rendered":"<p>Le lundi 5 janvier 2026, au Grand Stade de Marrakech, le s\u00e9lectionneur national du Burkina Faso, Brama Traor\u00e9, a affich\u00e9 sa ferme volont\u00e9 de disputer la finale de la 35e \u00e9dition de la Coupe d\u2019Afrique des Nations. Selon lui, si l\u2019atteinte de cet objectif ultime passe par une confrontation avec le champion en titre, les [&hellip;]<\/p>\n","protected":false},"author":4,"featured_media":41876,"comment_status":"closed","ping_status":"closed","sticky":false,"template":"","format":"standard","meta":{"_monsterinsights_skip_tracking":false,"_monsterinsights_sitenote_active":false,"_monsterinsights_sitenote_note":"","_monsterinsights_sitenote_category":0,"footnotes":""},"categories":[2,23],"tags":[1940,6836,6557,5228,6837,5380],"class_list":["post-41875","post","type-post","status-publish","format-standard","has-post-thumbnail","hentry","category-featured","category-sport","tag-ambitions","tag-brama-traore","tag-can-2025","tag-champion","tag-etre-champion","tag-la-cote-divoire"],"_links":{"self":[{"href":"https:\/\/www.lintelligentdabidjan.info\/news\/wp-json\/wp\/v2\/posts\/41875","targetHints":{"allow":["GET"]}}],"collection":[{"href":"https:\/\/www.lintelligentdabidjan.info\/news\/wp-json\/wp\/v2\/posts"}],"about":[{"href":"https:\/\/www.lintelligentdabidjan.info\/news\/wp-json\/wp\/v2\/types\/post"}],"author":[{"embeddable":true,"href":"https:\/\/www.lintelligentdabidjan.info\/news\/wp-json\/wp\/v2\/users\/4"}],"replies":[{"embeddable":true,"href":"https:\/\/www.lintelligentdabidjan.info\/news\/wp-json\/wp\/v2\/comments?post=41875"}],"version-history":[{"count":1,"href":"https:\/\/www.lintelligentdabidjan.info\/news\/wp-json\/wp\/v2\/posts\/41875\/revisions"}],"predecessor-version":[{"id":41877,"href":"https:\/\/www.lintelligentdabidjan.info\/news\/wp-json\/wp\/v2\/posts\/41875\/revisions\/41877"}],"wp:featuredmedia":[{"embeddable":true,"href":"https:\/\/www.lintelligentdabidjan.info\/news\/wp-json\/wp\/v2\/media\/41876"}],"wp:attachment":[{"href":"https:\/\/www.lintelligentdabidjan.info\/news\/wp-json\/wp\/v2\/media?parent=41875"}],"wp:term":[{"taxonomy":"category","embeddable":true,"href":"https:\/\/www.lintelligentdabidjan.info\/news\/wp-json\/wp\/v2\/categories?post=41875"},{"taxonomy":"post_tag","embeddable":true,"href":"https:\/\/www.lintelligentdabidjan.info\/news\/wp-json\/wp\/v2\/tags?post=41875"}],"curies":[{"name":"wp","href":"https:\/\/api.w.org\/{rel}","templated":true}]}}