{"id":41878,"date":"2026-01-07T06:11:43","date_gmt":"2026-01-07T05:11:43","guid":{"rendered":"https:\/\/www.lintelligentdabidjan.info\/news\/?p=41878"},"modified":"2026-01-07T06:12:09","modified_gmt":"2026-01-07T05:12:09","slug":"economie-sportive-la-cote-divoire-et-le-maroc-tracent-la-voie-dun-modele-africain-gagnant","status":"publish","type":"post","link":"https:\/\/www.lintelligentdabidjan.info\/news\/economie-sportive-la-cote-divoire-et-le-maroc-tracent-la-voie-dun-modele-africain-gagnant\/","title":{"rendered":"\u00c9conomie sportive: La C\u00f4te d\u2019Ivoire et le Maroc tracent la voie d\u2019un mod\u00e8le africain gagnant"},"content":{"rendered":"<p><strong>En marge de la Coupe d\u2019Afrique des Nations Maroc 2025, le minist\u00e8re en charge des Sports et du Cadre de Vie a organis\u00e9, le vendredi 2 janvier 2026, au Mus\u00e9e de l\u2019Eau Mohammed\u202fVI de Marrakech, un panel international de haut niveau autour du th\u00e8me : \u00ab \u00c9conomie sportive en C\u00f4te d\u2019Ivoire : moteur de d\u00e9veloppement et levier de professionnalisation \u00bb.<\/strong><\/p>\n<p>Cette rencontre a r\u00e9uni plusieurs experts de renom, parmi lesquels St\u00e9phane Brou, directeur de la Professionnalisation et de l\u2019\u00c9conomie sportive (DPES), et Dr Faycel Kada, ma\u00eetre de conf\u00e9rences \u00e0 l\u2019Institut des M\u00e9tiers du Sport de l\u2019Universit\u00e9 Ibn Tofa\u00efl de K\u00e9nitra, sp\u00e9cialiste du management du sport.<\/p>\n<p>Au c\u0153ur des \u00e9changes figurait la structuration d\u2019une \u00e9conomie sportive performante, capable de g\u00e9n\u00e9rer de la valeur ajout\u00e9e, de l\u2019emploi et une croissance durable. Les pan\u00e9listes ont insist\u00e9 sur la n\u00e9cessit\u00e9 de renforcer les partenariats public-priv\u00e9, d\u2019am\u00e9liorer la gouvernance des organisations sportives et d\u2019acc\u00e9l\u00e9rer la professionnalisation des acteurs de la cha\u00eene de valeur sportive, en C\u00f4te d\u2019Ivoire, au Maroc et, plus largement, en Afrique.<\/p>\n<p>Illustrant le mod\u00e8le ivoirien, St\u00e9phane Brou a rappel\u00e9 que le pr\u00e9sident de la R\u00e9publique, Alassane Ouattara, a tr\u00e8s t\u00f4t int\u00e9gr\u00e9 le sport comme un axe strat\u00e9gique des politiques publiques de d\u00e9veloppement. Cette vision s\u2019est traduite par d\u2019importants investissements structurants, port\u00e9s par un gouvernement engag\u00e9 sous l\u2019impulsion du Premier ministre, ministre des Sports et du Cadre de Vie, Dr Robert Beugr\u00e9 Mamb\u00e9.<\/p>\n<p>L\u2019organisation de la CAN C\u00f4te d\u2019Ivoire 2023 en constitue une illustration majeure. Plusieurs centaines de milliards de francs CFA ont \u00e9t\u00e9 mobilis\u00e9es pour la construction et la r\u00e9novation de six stades aux normes internationales, ainsi que de terrains d\u2019entra\u00eenement et d\u2019infrastructures connexes. Au-del\u00e0 de l\u2019\u00e9v\u00e9nement sportif, la comp\u00e9tition a g\u00e9n\u00e9r\u00e9 des milliers d\u2019emplois et dynamis\u00e9 les secteurs du tourisme, de l\u2019h\u00f4tellerie, des transports et des services. Cette dynamique est renforc\u00e9e par la vision du ministre d\u00e9l\u00e9gu\u00e9 Adj\u00e9 Silas Metch, pour qui \u00ab le sport change la donne \u00bb, en tant que levier de transformation \u00e9conomique, sociale et territoriale.<\/p>\n<p>De son c\u00f4t\u00e9, Dr Faycel Kada a partag\u00e9 l\u2019exp\u00e9rience marocaine, fond\u00e9e sur une planification \u00e0 long terme, des investissements soutenus et l\u2019accueil r\u00e9gulier de comp\u00e9titions internationales, positionnant le Royaume comme un mod\u00e8le continental en mati\u00e8re d\u2019\u00e9conomie du sport.<\/p>\n<p>Pour Hadja Rima Tour\u00e9, commissaire g\u00e9n\u00e9rale du Village \u00c9L\u00c9PH\u2019FAN au Maroc, cette initiative traduit une volont\u00e9 politique affirm\u00e9e d\u2019articuler performance sportive et r\u00e9flexion \u00e9conomique, \u00e0 travers des rencontres B2B et la mise en place de partenariats durables.<\/p>\n<p>&nbsp;<\/p>\n<p>&nbsp;<\/p>\n<p><strong>Ange Kouadio avec le Sercom du minist\u00e8re<\/strong><\/p>\n<p>&nbsp;<\/p>\n","protected":false},"excerpt":{"rendered":"<p>En marge de la Coupe d\u2019Afrique des Nations Maroc 2025, le minist\u00e8re en charge des Sports et du Cadre de Vie a organis\u00e9, le vendredi 2 janvier 2026, au Mus\u00e9e de l\u2019Eau Mohammed\u202fVI de Marrakech, un panel international de haut niveau autour du th\u00e8me : \u00ab \u00c9conomie sportive en C\u00f4te d\u2019Ivoire : moteur de d\u00e9veloppement [&hellip;]<\/p>\n","protected":false},"author":4,"featured_media":41879,"comment_status":"closed","ping_status":"closed","sticky":false,"template":"","format":"standard","meta":{"_monsterinsights_skip_tracking":false,"_monsterinsights_sitenote_active":false,"_monsterinsights_sitenote_note":"","_monsterinsights_sitenote_category":0,"footnotes":""},"categories":[2,23],"tags":[6838,5380,6839,6840],"class_list":["post-41878","post","type-post","status-publish","format-standard","has-post-thumbnail","hentry","category-featured","category-sport","tag-economie-sportive","tag-la-cote-divoire","tag-le-maroc-la-voie","tag-un-modele-africain"],"_links":{"self":[{"href":"https:\/\/www.lintelligentdabidjan.info\/news\/wp-json\/wp\/v2\/posts\/41878","targetHints":{"allow":["GET"]}}],"collection":[{"href":"https:\/\/www.lintelligentdabidjan.info\/news\/wp-json\/wp\/v2\/posts"}],"about":[{"href":"https:\/\/www.lintelligentdabidjan.info\/news\/wp-json\/wp\/v2\/types\/post"}],"author":[{"embeddable":true,"href":"https:\/\/www.lintelligentdabidjan.info\/news\/wp-json\/wp\/v2\/users\/4"}],"replies":[{"embeddable":true,"href":"https:\/\/www.lintelligentdabidjan.info\/news\/wp-json\/wp\/v2\/comments?post=41878"}],"version-history":[{"count":1,"href":"https:\/\/www.lintelligentdabidjan.info\/news\/wp-json\/wp\/v2\/posts\/41878\/revisions"}],"predecessor-version":[{"id":41880,"href":"https:\/\/www.lintelligentdabidjan.info\/news\/wp-json\/wp\/v2\/posts\/41878\/revisions\/41880"}],"wp:featuredmedia":[{"embeddable":true,"href":"https:\/\/www.lintelligentdabidjan.info\/news\/wp-json\/wp\/v2\/media\/41879"}],"wp:attachment":[{"href":"https:\/\/www.lintelligentdabidjan.info\/news\/wp-json\/wp\/v2\/media?parent=41878"}],"wp:term":[{"taxonomy":"category","embeddable":true,"href":"https:\/\/www.lintelligentdabidjan.info\/news\/wp-json\/wp\/v2\/categories?post=41878"},{"taxonomy":"post_tag","embeddable":true,"href":"https:\/\/www.lintelligentdabidjan.info\/news\/wp-json\/wp\/v2\/tags?post=41878"}],"curies":[{"name":"wp","href":"https:\/\/api.w.org\/{rel}","templated":true}]}}