{"id":41881,"date":"2026-01-07T06:14:46","date_gmt":"2026-01-07T05:14:46","guid":{"rendered":"https:\/\/www.lintelligentdabidjan.info\/news\/?p=41881"},"modified":"2026-01-07T06:14:46","modified_gmt":"2026-01-07T05:14:46","slug":"nouvel-an-1-150-enfants-celebrent-noel-et-lepiphanie-a-tanda","status":"publish","type":"post","link":"https:\/\/www.lintelligentdabidjan.info\/news\/nouvel-an-1-150-enfants-celebrent-noel-et-lepiphanie-a-tanda\/","title":{"rendered":"Nouvel an:  1 150 enfants c\u00e9l\u00e8brent No\u00ebl et l\u2019\u00c9piphanie \u00e0 Tanda"},"content":{"rendered":"<p><strong>\u00c0 l\u2019occasion des f\u00eates de No\u00ebl et de l\u2019\u00c9piphanie, une journ\u00e9e de partage et de r\u00e9jouissance a \u00e9t\u00e9 organis\u00e9e le dimanche 4 janvier 2026 \u00e0 la paroisse Saint\u2011Jean\u2011XXIII de Tanda, dans le Nord\u2011Est de la C\u00f4te d\u2019Ivoire.\u00a0<\/strong><\/p>\n<p>Cette c\u00e9r\u00e9monie a r\u00e9uni 1 150 enfants issus de 11 communaut\u00e9s villageoises p\u00e9riph\u00e9riques.\u00a0 Elle\u00a0 \u00a0visait \u00e0 offrir aux enfants un moment de joie, de fraternit\u00e9 et d\u2019attention, dans un contexte marqu\u00e9 par les d\u00e9fis sociaux auxquels font face les communaut\u00e9s rurales. Le repr\u00e9sentant r\u00e9sident de l\u2019Unicef en C\u00f4te d\u2019Ivoire , Jean-Fran\u00e7ois Basse a soulign\u00e9 l\u2019importance du droit au jeu et au bien\u2011\u00eatre pour tous les enfants, y compris ceux vivant dans les zones recul\u00e9es. \u00ab\u202fEn c\u00e9l\u00e9brant avec ces 1 150 enfants, nous r\u00e9affirmons que chaque vie d\u2019enfant compte et que nous continuerons \u00e0 accompagner les communaut\u00e9s pour b\u00e2tir un environnement protecteur et inclusif\u202f\u00bb, a\u2011t\u2011il d\u00e9clar\u00e9. Il a \u00e9galement appel\u00e9 \u00e0 une mobilisation collective en faveur des droits de l\u2019enfant. Selon lui, la protection et la promotion des droits des enfants ne rel\u00e8vent pas d\u2019une seule institution, mais n\u00e9cessitent l\u2019engagement conjoint des autorit\u00e9s administratives, des leaders communautaires et religieux, des familles et du secteur priv\u00e9. \u00ab Garantir l\u2019enregistrement des naissances, l\u2019acc\u00e8s \u00e0 une \u00e9ducation de qualit\u00e9 et un cadre de vie s\u00e9curis\u00e9 demeure un enjeu majeur pour le d\u00e9veloppement du pays\u00bb, a-t-il ajout\u00e9.\u00a0 Dans la r\u00e9gion du Nord\u2011Est, ces actions se traduisent notamment par le soutien \u00e0 la scolarisation des filles, l\u2019am\u00e9lioration de la sant\u00e9 et de la nutrition infantiles, ainsi que le renforcement de la protection sociale.<\/p>\n<p><strong>Olivier Dion avec A. Traor\u00e9<\/strong><\/p>\n<p>&nbsp;<\/p>\n<p>&nbsp;<\/p>\n<p>&nbsp;<\/p>\n<p>&nbsp;<\/p>\n<p>&nbsp;<\/p>\n","protected":false},"excerpt":{"rendered":"<p>\u00c0 l\u2019occasion des f\u00eates de No\u00ebl et de l\u2019\u00c9piphanie, une journ\u00e9e de partage et de r\u00e9jouissance a \u00e9t\u00e9 organis\u00e9e le dimanche 4 janvier 2026 \u00e0 la paroisse Saint\u2011Jean\u2011XXIII de Tanda, dans le Nord\u2011Est de la C\u00f4te d\u2019Ivoire.\u00a0 Cette c\u00e9r\u00e9monie a r\u00e9uni 1 150 enfants issus de 11 communaut\u00e9s villageoises p\u00e9riph\u00e9riques.\u00a0 Elle\u00a0 \u00a0visait \u00e0 offrir aux [&hellip;]<\/p>\n","protected":false},"author":4,"featured_media":41882,"comment_status":"closed","ping_status":"closed","sticky":false,"template":"","format":"standard","meta":{"_monsterinsights_skip_tracking":false,"_monsterinsights_sitenote_active":false,"_monsterinsights_sitenote_note":"","_monsterinsights_sitenote_category":0,"footnotes":""},"categories":[2,3],"tags":[497,6841,852,4508,6842],"class_list":["post-41881","post","type-post","status-publish","format-standard","has-post-thumbnail","hentry","category-featured","category-societe","tag-enfants","tag-lepiphanie","tag-noel","tag-nouvel-an","tag-tanda"],"_links":{"self":[{"href":"https:\/\/www.lintelligentdabidjan.info\/news\/wp-json\/wp\/v2\/posts\/41881","targetHints":{"allow":["GET"]}}],"collection":[{"href":"https:\/\/www.lintelligentdabidjan.info\/news\/wp-json\/wp\/v2\/posts"}],"about":[{"href":"https:\/\/www.lintelligentdabidjan.info\/news\/wp-json\/wp\/v2\/types\/post"}],"author":[{"embeddable":true,"href":"https:\/\/www.lintelligentdabidjan.info\/news\/wp-json\/wp\/v2\/users\/4"}],"replies":[{"embeddable":true,"href":"https:\/\/www.lintelligentdabidjan.info\/news\/wp-json\/wp\/v2\/comments?post=41881"}],"version-history":[{"count":1,"href":"https:\/\/www.lintelligentdabidjan.info\/news\/wp-json\/wp\/v2\/posts\/41881\/revisions"}],"predecessor-version":[{"id":41883,"href":"https:\/\/www.lintelligentdabidjan.info\/news\/wp-json\/wp\/v2\/posts\/41881\/revisions\/41883"}],"wp:featuredmedia":[{"embeddable":true,"href":"https:\/\/www.lintelligentdabidjan.info\/news\/wp-json\/wp\/v2\/media\/41882"}],"wp:attachment":[{"href":"https:\/\/www.lintelligentdabidjan.info\/news\/wp-json\/wp\/v2\/media?parent=41881"}],"wp:term":[{"taxonomy":"category","embeddable":true,"href":"https:\/\/www.lintelligentdabidjan.info\/news\/wp-json\/wp\/v2\/categories?post=41881"},{"taxonomy":"post_tag","embeddable":true,"href":"https:\/\/www.lintelligentdabidjan.info\/news\/wp-json\/wp\/v2\/tags?post=41881"}],"curies":[{"name":"wp","href":"https:\/\/api.w.org\/{rel}","templated":true}]}}